{"id":77305,"date":"2026-01-03T13:50:08","date_gmt":"2026-01-03T13:50:08","guid":{"rendered":"https:\/\/www.europesays.com\/ee\/77305\/"},"modified":"2026-01-03T13:50:08","modified_gmt":"2026-01-03T13:50:08","slug":"emel-elizabeth-tuulik-seiklused-radioheadi-jalil-edasi","status":"publish","type":"post","link":"https:\/\/www.europesays.com\/ee\/77305\/","title":{"rendered":"Emel-Elizabeth Tuulik. Seiklused Radioheadi j\u00e4lil \u2013 Edasi"},"content":{"rendered":"<p>\t\t\t<img loading=\"lazy\" width=\"1024\" height=\"683\" src=\"data:image\/svg+xml,%3Csvg%20xmlns=\" http:=\"\" class=\"attachment-hive-single-image size-hive-single-image wp-post-image\" alt=\"\" decoding=\"async\" data-lazy- data-lazy- data-attachment-id=\"267845\" data-permalink=\"https:\/\/edasi.org\/267779\/emel-elizabeth-tuulik-seiklused-radioheadi-jalil\/012_radiohead_london_o2_photocredit_alex_lake_insta_twoshortdays_img_3051\/\" data-orig-file=\"https:\/\/edasi.org\/wp-content\/uploads\/2026\/01\/012_RADIOHEAD_LONDON_O2_PHOTOCREDIT_ALEX_LAKE_INSTA_TWOSHORTDAYS_IMG_3051-scaled.webp\" data-orig-size=\"2048,1365\" data-comments-opened=\"0\" data-image-meta=\"{&quot;aperture&quot;:&quot;2.8&quot;,&quot;credit&quot;:&quot;Alex Lake&quot;,&quot;camera&quot;:&quot;Canon EOS 5D Mark II&quot;,&quot;caption&quot;:&quot;RADIOHEAD LIVE IN LONDON PHOTOGRAPHED BY ALEX LAKE WWW.TWOSHORTDAYS.COM INSTA @TWOSHORTDAYS&quot;,&quot;created_timestamp&quot;:&quot;1559656089&quot;,&quot;copyright&quot;:&quot;ALEX LAKE alexlake@twoshortdays.com&quot;,&quot;focal_length&quot;:&quot;70&quot;,&quot;iso&quot;:&quot;3200&quot;,&quot;shutter_speed&quot;:&quot;0.008&quot;,&quot;title&quot;:&quot;&quot;,&quot;orientation&quot;:&quot;0&quot;}\" data-image-title=\"012_RADIOHEAD_LONDON_O2_PHOTOCREDIT_ALEX_LAKE_INSTA_TWOSHORTDAYS_IMG_3051\" data-image-description=\"\" data-image-caption=\"&lt;p&gt;Radioheadi Londoni kontsert, 2025. Foto: Alex Lake, radiohead.com&lt;\/p&gt;&#10;\" data-medium-file=\"https:\/\/edasi.org\/wp-content\/uploads\/2026\/01\/012_RADIOHEAD_LONDON_O2_PHOTOCREDIT_ALEX_LAKE_INSTA_TWOSHORTDAYS_IMG_3051-768x512.webp\" data-large-file=\"https:\/\/www.europesays.com\/ee\/wp-content\/uploads\/2026\/01\/012_RADIOHEAD_LONDON_O2_PHOTOCREDIT_ALEX_LAKE_INSTA_TWOSHORTDAYS_IMG_3051-1024x683.webp.webp\" data-lazy-src=\"https:\/\/www.europesays.com\/ee\/wp-content\/uploads\/2026\/01\/012_RADIOHEAD_LONDON_O2_PHOTOCREDIT_ALEX_LAKE_INSTA_TWOSHORTDAYS_IMG_3051-1024x683.webp.webp\"\/>\t\t\tRadioheadi Londoni kontsert, 2025. Foto: Alex Lake, radiohead.com\t\t<\/p>\n<p class=\"intro\">Radioheadi tuur l\u00f5i massid liikvele ja tekitas ka tuhandetes segadust \u00fche \u00e4raj\u00e4\u00e4nud kontserdiga. Meenutusi saagast jagab Radioheadi kannul aasta l\u00f5pus kaks korda Kopenhaagenis k\u00e4inud kultuurikriitik Emel-Elizabeth Tuulik.<\/p>\n<p>Septembri algus, Von Krahli baar. S\u00f5branna k\u00fcsib laudkonnalt: kui saaksite \u00fcksk\u00f5ik millise artisti kontserdile minna, siis kelle? Mainin moka otsast: \u201cRadioheadi.\u201d Laudkond jaatab \u00fcksmeelselt kaasa, kuid m\u00f6\u00f6nab, et seda t\u00f5en\u00e4oliselt ei juhtu. M\u00f6\u00f6dub paar n\u00e4dalat ja tuleb uudis, et \u00fcle seitsme aasta on b\u00e4nd otsustanud minna tuurile, kus m\u00e4ngitakse vaid vanu lugusid. Heureka! Aga lugu pole tegelikult nii id\u00fclliline ja filmilik, nagu esialgu n\u00e4ida v\u00f5ib, sest kontserdi juures oli p\u00e4ris mitu lopsakat \u201caga\u201d.<\/p>\n","protected":false},"excerpt":{"rendered":"Radioheadi Londoni kontsert, 2025. Foto: Alex Lake, radiohead.com Radioheadi tuur l\u00f5i massid liikvele ja tekitas ka tuhandetes segadust&hellip;\n","protected":false},"author":2,"featured_media":77306,"comment_status":"","ping_status":"","sticky":false,"template":"","format":"standard","meta":{"footnotes":"","_share_on_mastodon":"0"},"categories":[16],"tags":[2911,424,37,33,35,6506,173,34,36,1426,8035,4959,2554,140,144,24107],"class_list":["post-77305","post","type-post","status-publish","format-standard","has-post-thumbnail","category-meelelahutus","tag-aus","tag-edasi","tag-ee","tag-eesti","tag-eesti-keel","tag-emel-elizabeth-tuulik","tag-entertainment","tag-estonia","tag-estonian","tag-kino","tag-kiri","tag-kontsert","tag-kopenhaagen","tag-meelelahutus","tag-muusika","tag-radiohead"],"share_on_mastodon":{"url":"https:\/\/pubeurope.com\/@ee\/115831493280976865","error":""},"_links":{"self":[{"href":"https:\/\/www.europesays.com\/ee\/wp-json\/wp\/v2\/posts\/77305","targetHints":{"allow":["GET"]}}],"collection":[{"href":"https:\/\/www.europesays.com\/ee\/wp-json\/wp\/v2\/posts"}],"about":[{"href":"https:\/\/www.europesays.com\/ee\/wp-json\/wp\/v2\/types\/post"}],"author":[{"embeddable":true,"href":"https:\/\/www.europesays.com\/ee\/wp-json\/wp\/v2\/users\/2"}],"replies":[{"embeddable":true,"href":"https:\/\/www.europesays.com\/ee\/wp-json\/wp\/v2\/comments?post=77305"}],"version-history":[{"count":0,"href":"https:\/\/www.europesays.com\/ee\/wp-json\/wp\/v2\/posts\/77305\/revisions"}],"wp:featuredmedia":[{"embeddable":true,"href":"https:\/\/www.europesays.com\/ee\/wp-json\/wp\/v2\/media\/77306"}],"wp:attachment":[{"href":"https:\/\/www.europesays.com\/ee\/wp-json\/wp\/v2\/media?parent=77305"}],"wp:term":[{"taxonomy":"category","embeddable":true,"href":"https:\/\/www.europesays.com\/ee\/wp-json\/wp\/v2\/categories?post=77305"},{"taxonomy":"post_tag","embeddable":true,"href":"https:\/\/www.europesays.com\/ee\/wp-json\/wp\/v2\/tags?post=77305"}],"curies":[{"name":"wp","href":"https:\/\/api.w.org\/{rel}","templated":true}]}}