{"id":77311,"date":"2026-01-03T13:55:25","date_gmt":"2026-01-03T13:55:25","guid":{"rendered":"https:\/\/www.europesays.com\/ee\/77311\/"},"modified":"2026-01-03T13:55:25","modified_gmt":"2026-01-03T13:55:25","slug":"nadala-nagu-%e2%9f%a9-paavst-leo-xiv-koneleb-tegudes","status":"publish","type":"post","link":"https:\/\/www.europesays.com\/ee\/77311\/","title":{"rendered":"N\u00c4DALA N\u00c4GU \u27e9 Paavst Leo XIV k\u00f5neleb tegudes"},"content":{"rendered":"<p>Alates 1968. aastast seisab 1. jaanuari peal katoliku kirikukalendris lisaks jumalas\u00fcnnitaja Maarja suurp\u00fchale maailma rahu p\u00e4ev. T\u00fc\u00fcpiliselt saadab paavst sel puhul s\u00f5numi, mis puudutab katoliku sotsiaal\u00f5petuse j\u00e4rgi elamist kaasaegses maailmas. Paavst Leo XIV jaoks oli t\u00e4navu esimene kord rahup\u00e4eva s\u00f5numit saata. Erinevalt tema esimeste ametikuude tegemistest ja dokumentidest, nagu visiit T\u00fcrki Nikaia kirikukogu 1700. aastap\u00e4evale v\u00f5i vaestest hoolimist puudutav ekshortatsioon \u00abDilexi Te\u00bb (lad k \u00abMa olen teid armastanud\u00bb), v\u00f5ib n\u00fc\u00fcd juba kindel olla, et see pole enam Franciscuse ajal planeeritu teostamine, vaid on t\u00f5esti Leo k\u00e4ekiri.<\/p>\n","protected":false},"excerpt":{"rendered":"Alates 1968. aastast seisab 1. jaanuari peal katoliku kirikukalendris lisaks jumalas\u00fcnnitaja Maarja suurp\u00fchale maailma rahu p\u00e4ev. T\u00fc\u00fcpiliselt saadab&hellip;\n","protected":false},"author":2,"featured_media":77312,"comment_status":"","ping_status":"","sticky":false,"template":"","format":"standard","meta":{"footnotes":"","_share_on_mastodon":"0"},"categories":[5],"tags":[587,26,27,37,33,35,34,36,31,32,21,12879,28,29,19,10493,25,38924,23,24,26444,22,20,21175,4852,30],"class_list":["post-77311","post","type-post","status-publish","format-standard","has-post-thumbnail","category-uldised-uudised","tag-ameerika-uhendriigid","tag-breaking-news","tag-breakingnews","tag-ee","tag-eesti","tag-eesti-keel","tag-estonia","tag-estonian","tag-featured-news","tag-featurednews","tag-headlines","tag-j-d-vance","tag-latest-news","tag-latestnews","tag-news","tag-paavst-leo-xiv","tag-populaarseimad-lood","tag-rahusonum","tag-top-stories","tag-topstories","tag-trumpism","tag-uldised-uudised","tag-uudised","tag-vaartused","tag-vatikan","tag-viimased-uudised"],"share_on_mastodon":{"url":"https:\/\/pubeurope.com\/@ee\/115831513072700439","error":""},"_links":{"self":[{"href":"https:\/\/www.europesays.com\/ee\/wp-json\/wp\/v2\/posts\/77311","targetHints":{"allow":["GET"]}}],"collection":[{"href":"https:\/\/www.europesays.com\/ee\/wp-json\/wp\/v2\/posts"}],"about":[{"href":"https:\/\/www.europesays.com\/ee\/wp-json\/wp\/v2\/types\/post"}],"author":[{"embeddable":true,"href":"https:\/\/www.europesays.com\/ee\/wp-json\/wp\/v2\/users\/2"}],"replies":[{"embeddable":true,"href":"https:\/\/www.europesays.com\/ee\/wp-json\/wp\/v2\/comments?post=77311"}],"version-history":[{"count":0,"href":"https:\/\/www.europesays.com\/ee\/wp-json\/wp\/v2\/posts\/77311\/revisions"}],"wp:featuredmedia":[{"embeddable":true,"href":"https:\/\/www.europesays.com\/ee\/wp-json\/wp\/v2\/media\/77312"}],"wp:attachment":[{"href":"https:\/\/www.europesays.com\/ee\/wp-json\/wp\/v2\/media?parent=77311"}],"wp:term":[{"taxonomy":"category","embeddable":true,"href":"https:\/\/www.europesays.com\/ee\/wp-json\/wp\/v2\/categories?post=77311"},{"taxonomy":"post_tag","embeddable":true,"href":"https:\/\/www.europesays.com\/ee\/wp-json\/wp\/v2\/tags?post=77311"}],"curies":[{"name":"wp","href":"https:\/\/api.w.org\/{rel}","templated":true}]}}