{"id":77411,"date":"2026-01-03T17:44:13","date_gmt":"2026-01-03T17:44:13","guid":{"rendered":"https:\/\/www.europesays.com\/ee\/77411\/"},"modified":"2026-01-03T17:44:13","modified_gmt":"2026-01-03T17:44:13","slug":"usa-magedes-murdis-puuma-matkaja-maha","status":"publish","type":"post","link":"https:\/\/www.europesays.com\/ee\/77411\/","title":{"rendered":"USA m\u00e4gedes murdis puuma matkaja maha"},"content":{"rendered":"<p>Neljap\u00e4eval tappis ilmselt puuma USA Colorado osariigis \u00fcksi matkanud naise, kelle surnukeha avastasid looma nina alt hiljem sama rada pidi liikunud seiklejad.<\/p>\n<p>Arvatav puumar\u00fcnnak leidis aset m\u00e4gedes tillukese Glen Haveni asula l\u00e4histel, kust algavad Kaljum\u00e4estiku rahvusparki suunduvad idapoolsed matkarajad, vahendas uudisteagentuur Associated Press.<\/p>\n","protected":false},"excerpt":{"rendered":"Neljap\u00e4eval tappis ilmselt puuma USA Colorado osariigis \u00fcksi matkanud naise, kelle surnukeha avastasid looma nina alt hiljem sama&hellip;\n","protected":false},"author":2,"featured_media":77412,"comment_status":"","ping_status":"","sticky":false,"template":"","format":"standard","meta":{"footnotes":"","_share_on_mastodon":"0"},"categories":[80],"tags":[587,26,27,38960,37,33,35,34,36,31,32,21,28,29,95,19,25,1260,23,24,22,20,30,92,93,94],"class_list":["post-77411","post","type-post","status-publish","format-standard","has-post-thumbnail","category-maailm","tag-ameerika-uhendriigid","tag-breaking-news","tag-breakingnews","tag-colorado-osariik","tag-ee","tag-eesti","tag-eesti-keel","tag-estonia","tag-estonian","tag-featured-news","tag-featurednews","tag-headlines","tag-latest-news","tag-latestnews","tag-maailm","tag-news","tag-populaarseimad-lood","tag-puuma","tag-top-stories","tag-topstories","tag-uldised-uudised","tag-uudised","tag-viimased-uudised","tag-world","tag-world-news","tag-worldnews"],"share_on_mastodon":{"url":"https:\/\/pubeurope.com\/@ee\/115832413396409424","error":""},"_links":{"self":[{"href":"https:\/\/www.europesays.com\/ee\/wp-json\/wp\/v2\/posts\/77411","targetHints":{"allow":["GET"]}}],"collection":[{"href":"https:\/\/www.europesays.com\/ee\/wp-json\/wp\/v2\/posts"}],"about":[{"href":"https:\/\/www.europesays.com\/ee\/wp-json\/wp\/v2\/types\/post"}],"author":[{"embeddable":true,"href":"https:\/\/www.europesays.com\/ee\/wp-json\/wp\/v2\/users\/2"}],"replies":[{"embeddable":true,"href":"https:\/\/www.europesays.com\/ee\/wp-json\/wp\/v2\/comments?post=77411"}],"version-history":[{"count":0,"href":"https:\/\/www.europesays.com\/ee\/wp-json\/wp\/v2\/posts\/77411\/revisions"}],"wp:featuredmedia":[{"embeddable":true,"href":"https:\/\/www.europesays.com\/ee\/wp-json\/wp\/v2\/media\/77412"}],"wp:attachment":[{"href":"https:\/\/www.europesays.com\/ee\/wp-json\/wp\/v2\/media?parent=77411"}],"wp:term":[{"taxonomy":"category","embeddable":true,"href":"https:\/\/www.europesays.com\/ee\/wp-json\/wp\/v2\/categories?post=77411"},{"taxonomy":"post_tag","embeddable":true,"href":"https:\/\/www.europesays.com\/ee\/wp-json\/wp\/v2\/tags?post=77411"}],"curies":[{"name":"wp","href":"https:\/\/api.w.org\/{rel}","templated":true}]}}