{"id":77540,"date":"2026-01-04T05:26:13","date_gmt":"2026-01-04T05:26:13","guid":{"rendered":"https:\/\/www.europesays.com\/ee\/77540\/"},"modified":"2026-01-04T05:26:13","modified_gmt":"2026-01-04T05:26:13","slug":"viieminutiline-var-jant-tostatas-kusimargid-kuid-paastis-binaarkoodi-soccernet-ee","status":"publish","type":"post","link":"https:\/\/www.europesays.com\/ee\/77540\/","title":{"rendered":"Viieminutiline VAR-jant t\u00f5statas k\u00fcsim\u00e4rgid, kuid p\u00e4\u00e4stis binaarkoodi &#8211; Soccernet.ee"},"content":{"rendered":"<p><img decoding=\"async\" src=\"https:\/\/www.europesays.com\/ee\/wp-content\/uploads\/2026\/01\/1767477828.jpg\" alt=\"L\u00f5pp hea, k\u00f5ik hea: Sead Kola\u0161inac aitab Atalantale k\u00fclma teinud peakohtuniku Michael Fabbri uuesti p\u00fcsti. Foto: Scanpix \/ Spada \/ LaPresse via ZUMA Press\"\/>&#13;\n<\/p>\n<p>Itaalia k\u00f5rgliigas tehti laup\u00e4eval omap\u00e4rane kummardus binaars\u00fcsteemile, sest k\u00f5igi viie m\u00e4ngu l\u00f5ppedes ilutsesid tablool vaid \u00fched ja nullid. Suurimat pahameelt v\u00f5is selle \u00fcle tunda Atalanta, kellelt v\u00f5eti kummalise suluseisuotsuse tulemusena teine v\u00e4rav. V\u00f5idust see siiski Atalantat ilma ei j\u00e4tnud.<\/p>\n<p>Giorgio Scalvini kasutas juba 12. minutil \u00e4ra Bergamosse k\u00fclla s\u00f5itnud Roma v\u00e4ravavahi Mile Svilari ebakindluse, l\u00fckates nurgal\u00f6\u00f6gi j\u00e4rel palli v\u00e4ravasse. Roma m\u00e4ngijad k\u00fcll protestisid, leides, et Scalvini tabas h\u00fcppel Svilari n\u00e4gu, ent v\u00e4rav j\u00e4i kehtima. Pealinlaste kasvandik Giorgio Scamacca arvas 29. minutil, et on edu kahekordistanud, kuid n\u00fc\u00fcd asus VAR tabamust p\u00f5hjalikumalt uurima ja koos peakohtuniku Michael Fabbriga j\u00f5uti l\u00f5puks \u00fcsna ootamatu tulemuseni.&#13;\n<\/p>\n<p>R\u00fcnnaku algfaasis oli Roma kaitsja Mario Hermoso teinud kehva pallipuute, mis v\u00f5imaldas olukorda sekkunud Scamaccal palli r\u00f6\u00f6vida ja Atalanta r\u00fcnnak algatada. Videokorduse p\u00f5hjal oli Scamacca t\u00f5epoolest olnud pika ettes\u00f6\u00f6du hetkel napis suluseisus, ent Fabbri t\u00f5lgendus, nagu oleks ta Hermoso tegutsemist m\u00f5jutanud ja seel\u00e4bi keelatud edu saanud, \u00e4\u00e4rmiselt k\u00fcsitav. V\u00e4rava l\u00f6\u00f6mise hetkest kulus Fabbril seejuures otsuse v\u00e4ljakuulutamiseni viis minutit, mille jooksul ta j\u00f5udis n\u00e4idata kollast kaarti h\u00e4\u00e4lekalt protestinud Atalanta peatreenerile Raffaele Palladinole.&#13;\n<\/p>\n<p>Teisel poolajal hoidis Atalanta siiski napist edust kinni ja s\u00e4ilitas l\u00f5puni napi 1:0 edu.\u00a0Roma on n\u00fc\u00fcd kaotanud kuuest viimasest m\u00e4ngust neli, p\u00fcsib sellest hoolimata esikohast endiselt vaid viie punkti kaugusel, ent kipub vahepeal t\u00e4iesti realistlikuna tundunud tiitliheitlusest ikkagi pudenema. \u00dclikehva alguse j\u00e4rel tasapisi hoogu koguv Atalanta on kerkinud tabelis esik\u00fcmnesse.<\/p>\n<blockquote class=\"twitter-tweet\"><p>&#13;<\/p>\n<p lang=\"it\" dir=\"ltr\"><a href=\"https:\/\/twitter.com\/hashtag\/AtalantaRoma?src=hash&amp;ref_src=twsrc%5Etfw\" rel=\"nofollow noopener\" target=\"_blank\">#AtalantaRoma<\/a><\/p>\n<p>Scandaloso!<a href=\"https:\/\/twitter.com\/hashtag\/Scamacca?src=hash&amp;ref_src=twsrc%5Etfw\" rel=\"nofollow noopener\" target=\"_blank\">#Scamacca<\/a>(forse)in fuorigioco,Hermoso sbaglia lo stop e dopo 20secondi prosegue l&#8217;azione senza venire ostacolato.Gol annullato regolare.Chiamata Var di Maresca e decisione di <a href=\"https:\/\/twitter.com\/hashtag\/Fabbri?src=hash&amp;ref_src=twsrc%5Etfw\" rel=\"nofollow noopener\" target=\"_blank\">#Fabbri<\/a> a dir poco incredibile.Guardiamo la discrepanza tra immagine live e 3D: <a href=\"https:\/\/t.co\/JPKztbr5Th\" rel=\"nofollow\">pic.twitter.com\/JPKztbr5Th<\/a>&#13;<br \/>\n\u2014 Warmen (@WarmenBent) <a href=\"https:\/\/twitter.com\/WarmenBent\/status\/2007563463602721266?ref_src=twsrc%5Etfw\" rel=\"nofollow noopener\" target=\"_blank\">January 3, 2026<\/a><\/p>\n<\/blockquote>\n<p>Esikolmikusse t\u00f5usmise v\u00f5imaluse andis k\u00e4est ka Juventus, kes leppis kodus 1:1 viiki tabeli teises pooles oleva Leccega. V\u00f5\u00f5rustajatel oli juba seitsmendal minutitel imeline v\u00f5imalus juhtima minna, kuid Wladimiro Falcone t\u00f5rjus Jonathan Davidi l\u00e4hil\u00f6\u00f6gi posti ja sealt p\u00f5rkas pall tagasi Lecce v\u00e4ravavahi s\u00fclle. Pausile mindi hoopis k\u00fclaliste eduseisus, sest Lameck Banda varastas lohaka rists\u00f6\u00f6du vahelt ja viis Lecce juhtima.<\/p>\n<p>Naastes kulus Weston McKenniel vaid neli minutit, et Juventuse viigiv\u00e4rav l\u00fc\u00fca. VAR-i abiga teeniti 66. minutil k\u00e4em\u00e4ngu eest penalti, kuid Davidi ja Falcone duellis j\u00e4i j\u00e4lle peale Lecce v\u00e4ravavaht, kes t\u00f5rjus kanadalase pehme ja keskele suunatud l\u00f6\u00f6gi. Poolteist minutit enne normaalaja t\u00e4itumist tegi Falcone &#8220;k\u00fcbaratriki&#8221;, t\u00f5rjudes taas Davidi terava \u00fcrituse. Lisaminutitel raksus Kenan Yildizi pomml\u00f6\u00f6gist ka post, ent l\u00f5puvile kuulutas 1:1 viiki.&#13;\n<\/p>\n<blockquote class=\"twitter-tweet\"><p>&#13;<\/p>\n<p lang=\"en\" dir=\"ltr\">A well deserved Panini Player of the Match award for Wladimiro Falcone \ud83e\udde4\ud83c\udfc6<a href=\"https:\/\/twitter.com\/hashtag\/JuveLecce?src=hash&amp;ref_src=twsrc%5Etfw\" rel=\"nofollow noopener\" target=\"_blank\">#JuveLecce<\/a> <a href=\"https:\/\/t.co\/6rVfBnJrg9\" rel=\"nofollow\">pic.twitter.com\/6rVfBnJrg9<\/a>&#13;<br \/>\n\u2014 Lega Serie A (@SerieA_EN) <a href=\"https:\/\/twitter.com\/SerieA_EN\/status\/2007530922023772459?ref_src=twsrc%5Etfw\" rel=\"nofollow noopener\" target=\"_blank\">January 3, 2026<\/a><\/p>\n<\/blockquote>\n<p>Como oli eksinud suisa kuuel (!) viimasel Serie A-s teenitud penaltil, aga n\u00fc\u00fcd suutis Lucas Da Cunha paarik\u00fcmne aasta taha ulatuva needuse l\u00f5puks murda. Prantslane saatis 18. minutil palli 11 meetrilt Udinese v\u00e4ravasse ja sellest Comole piisas, et 1:0 v\u00f5it v\u00f5tta. Cesc Fabregase hoolealused pole sel hooajal kodus k\u00fcmnest m\u00e4ngust endiselt ainsatki kaotanud, lisaks on 11 viimase liigam\u00e4nguga koguni seitsmel korral oma v\u00f5rk puhtana hoitud.<\/p>\n<p>Serie A viigimeistriks kujunenud Pisa kirjutas sel hooajal juba \u00fcheksandat korda tabelisse \u00fche t\u00e4iendava punkti. Genoa l\u00e4ks k\u00fcll kodus Lorenzo Colombo kaugl\u00f6\u00f6gist juhtima, ent avapoolaja l\u00f5pus eksis v\u00e4ravavaht Nicola Leali tsenderduse p\u00fc\u00fcdmisel ja Mehdi Leris l\u00f5i 1:1. Sama skooriga l\u00f5ppes ning \u00fcsna samas v\u00f5tmes kulges Sassuolo ja Parma heitlus. Kristian Thorstvedt viis v\u00f5\u00f5rustajad ette, Mateo Pellegrino viigistas aga peagi ja l\u00f5pptulemuseks m\u00e4rgiti 1:1.&#13;\n<\/p>\n<p><script async src=\"https:\/\/platform.twitter.com\/widgets.js\" charset=\"utf-8\"><\/script><\/p>\n","protected":false},"excerpt":{"rendered":"&#13; Itaalia k\u00f5rgliigas tehti laup\u00e4eval omap\u00e4rane kummardus binaars\u00fcsteemile, sest k\u00f5igi viie m\u00e4ngu l\u00f5ppedes ilutsesid tablool vaid \u00fched ja&hellip;\n","protected":false},"author":2,"featured_media":77541,"comment_status":"","ping_status":"","sticky":false,"template":"","format":"standard","meta":{"footnotes":"","_share_on_mastodon":"0"},"categories":[18],"tags":[1816,1817,38993,6562,37,33,35,34,36,38994,38995,8302,38996,109,38997,1149,5505,24505,1821,2519,1545,1822,38998,38999,1082,159,158,1083,1624,39000],"class_list":["post-77540","post","type-post","status-publish","format-standard","has-post-thumbnail","category-sport","tag-atalanta","tag-como","tag-da-cunha","tag-david","tag-ee","tag-eesti","tag-eesti-keel","tag-estonia","tag-estonian","tag-fabbri","tag-falcone","tag-genoa","tag-hermoso","tag-itaalia","tag-jonathan-david","tag-juventus","tag-lecce","tag-palladino","tag-parma","tag-pisa","tag-roma","tag-sassuolo","tag-scalvini","tag-scamacca","tag-serie-a","tag-sport","tag-sports","tag-udinese","tag-var","tag-yildiz"],"share_on_mastodon":{"url":"https:\/\/pubeurope.com\/@ee\/115835173795291815","error":""},"_links":{"self":[{"href":"https:\/\/www.europesays.com\/ee\/wp-json\/wp\/v2\/posts\/77540","targetHints":{"allow":["GET"]}}],"collection":[{"href":"https:\/\/www.europesays.com\/ee\/wp-json\/wp\/v2\/posts"}],"about":[{"href":"https:\/\/www.europesays.com\/ee\/wp-json\/wp\/v2\/types\/post"}],"author":[{"embeddable":true,"href":"https:\/\/www.europesays.com\/ee\/wp-json\/wp\/v2\/users\/2"}],"replies":[{"embeddable":true,"href":"https:\/\/www.europesays.com\/ee\/wp-json\/wp\/v2\/comments?post=77540"}],"version-history":[{"count":0,"href":"https:\/\/www.europesays.com\/ee\/wp-json\/wp\/v2\/posts\/77540\/revisions"}],"wp:featuredmedia":[{"embeddable":true,"href":"https:\/\/www.europesays.com\/ee\/wp-json\/wp\/v2\/media\/77541"}],"wp:attachment":[{"href":"https:\/\/www.europesays.com\/ee\/wp-json\/wp\/v2\/media?parent=77540"}],"wp:term":[{"taxonomy":"category","embeddable":true,"href":"https:\/\/www.europesays.com\/ee\/wp-json\/wp\/v2\/categories?post=77540"},{"taxonomy":"post_tag","embeddable":true,"href":"https:\/\/www.europesays.com\/ee\/wp-json\/wp\/v2\/tags?post=77540"}],"curies":[{"name":"wp","href":"https:\/\/api.w.org\/{rel}","templated":true}]}}