{"id":77808,"date":"2026-01-04T14:30:10","date_gmt":"2026-01-04T14:30:10","guid":{"rendered":"https:\/\/www.europesays.com\/ee\/77808\/"},"modified":"2026-01-04T14:30:10","modified_gmt":"2026-01-04T14:30:10","slug":"tartu-riia-ekspressrong-hakkab-kaima-12-jaanuaril","status":"publish","type":"post","link":"https:\/\/www.europesays.com\/ee\/77808\/","title":{"rendered":"Tartu-Riia ekspressrong hakkab k\u00e4ima 12. jaanuaril"},"content":{"rendered":"<p>Kauaoodatud Tartu-Riia rongiliin, mis ei n\u00f5ua reisijatelt enam Valgas \u00fcmberistumist, k\u00e4ivitub 12. jaanuaril. Sel esmasp\u00e4eval saab pidulikule tutvumiss\u00f5idule vaid kutsetega.<\/p>\n<p>Uue rongiliini peatset avamist t\u00e4histav ava\u00fcritus Tartu raudteejaamas algab esmasp\u00e4eval, 5. jaanuaril kell 9.30. Rong, kuhu p\u00e4\u00e4sevad eelregistreeritud kutsetega ametikandjad, asub Riiga teele kell 10.05.<\/p>\n","protected":false},"excerpt":{"rendered":"Kauaoodatud Tartu-Riia rongiliin, mis ei n\u00f5ua reisijatelt enam Valgas \u00fcmberistumist, k\u00e4ivitub 12. jaanuaril. Sel esmasp\u00e4eval saab pidulikule tutvumiss\u00f5idule&hellip;\n","protected":false},"author":2,"featured_media":77809,"comment_status":"","ping_status":"","sticky":false,"template":"","format":"standard","meta":{"footnotes":"","_share_on_mastodon":"0"},"categories":[12],"tags":[26,27,37,33,35,8393,34,36,31,32,21,28,29,19,25,24440,951,5421,39107,39106,39105,23,24,22,20,30],"class_list":["post-77808","post","type-post","status-publish","format-standard","has-post-thumbnail","category-eesti","tag-breaking-news","tag-breakingnews","tag-ee","tag-eesti","tag-eesti-keel","tag-elron","tag-estonia","tag-estonian","tag-featured-news","tag-featurednews","tag-headlines","tag-latest-news","tag-latestnews","tag-news","tag-populaarseimad-lood","tag-reisirong","tag-riia","tag-rong","tag-tallinn-tartu-riia-otseuhendus","tag-tartu-raudteejaam","tag-tartu-riia-ekspressrong","tag-top-stories","tag-topstories","tag-uldised-uudised","tag-uudised","tag-viimased-uudised"],"share_on_mastodon":{"url":"https:\/\/pubeurope.com\/@ee\/115837312960608968","error":""},"_links":{"self":[{"href":"https:\/\/www.europesays.com\/ee\/wp-json\/wp\/v2\/posts\/77808","targetHints":{"allow":["GET"]}}],"collection":[{"href":"https:\/\/www.europesays.com\/ee\/wp-json\/wp\/v2\/posts"}],"about":[{"href":"https:\/\/www.europesays.com\/ee\/wp-json\/wp\/v2\/types\/post"}],"author":[{"embeddable":true,"href":"https:\/\/www.europesays.com\/ee\/wp-json\/wp\/v2\/users\/2"}],"replies":[{"embeddable":true,"href":"https:\/\/www.europesays.com\/ee\/wp-json\/wp\/v2\/comments?post=77808"}],"version-history":[{"count":0,"href":"https:\/\/www.europesays.com\/ee\/wp-json\/wp\/v2\/posts\/77808\/revisions"}],"wp:featuredmedia":[{"embeddable":true,"href":"https:\/\/www.europesays.com\/ee\/wp-json\/wp\/v2\/media\/77809"}],"wp:attachment":[{"href":"https:\/\/www.europesays.com\/ee\/wp-json\/wp\/v2\/media?parent=77808"}],"wp:term":[{"taxonomy":"category","embeddable":true,"href":"https:\/\/www.europesays.com\/ee\/wp-json\/wp\/v2\/categories?post=77808"},{"taxonomy":"post_tag","embeddable":true,"href":"https:\/\/www.europesays.com\/ee\/wp-json\/wp\/v2\/tags?post=77808"}],"curies":[{"name":"wp","href":"https:\/\/api.w.org\/{rel}","templated":true}]}}