{"id":78363,"date":"2026-01-05T11:58:07","date_gmt":"2026-01-05T11:58:07","guid":{"rendered":"https:\/\/www.europesays.com\/ee\/78363\/"},"modified":"2026-01-05T11:58:07","modified_gmt":"2026-01-05T11:58:07","slug":"prugiveos-esineb-endiselt-viivitusi-firma-juht-suudame-enam-vahem-lepingu-tingimusi-taita","status":"publish","type":"post","link":"https:\/\/www.europesays.com\/ee\/78363\/","title":{"rendered":"Pr\u00fcgiveos esineb endiselt viivitusi. Firma juht: suudame enam-v\u00e4hem lepingu tingimusi t\u00e4ita"},"content":{"rendered":"<p>Luude viitas, et \u00fcle\u00f6\u00f6 muutusi siin oodata pole ning praegu on eemal endiselt ligi kaksk\u00fcmmend t\u00f6\u00f6tajat. \u201eMe suudame enam-v\u00e4hem ikka p\u00fcsida selles graafikus, mis lepingust tuleneb. Kui j\u00e4\u00e4b vedu tegemata, siis hiljemalt kolme p\u00e4eva jooksul tehakse see j\u00e4rgi,\u201c \u00fctles ta.<\/p>\n<p>Luude s\u00f5nas Delfile, et kui eelmisel n\u00e4dalal olid probleemsed kohad n\u00e4iteks <a rel=\"noopener nofollow\" target=\"_blank\" href=\"https:\/\/www.delfi.ee\/teema\/66890097\/haabersti-0\" tag-id=\"66890097\">Haabersti<\/a>, <a rel=\"noopener nofollow\" target=\"_blank\" href=\"https:\/\/www.delfi.ee\/teema\/70105003\/kehtna\" tag-id=\"70105003\">Kehtna<\/a>, <a rel=\"noopener nofollow\" target=\"_blank\" href=\"https:\/\/www.delfi.ee\/teema\/59955409\/kiili\" tag-id=\"59955409\">Kiili<\/a>, <a rel=\"noopener nofollow\" target=\"_blank\" href=\"https:\/\/www.delfi.ee\/teema\/23613591\/haapsalu\" tag-id=\"23613591\">Haapsalu<\/a>, <a rel=\"noopener nofollow\" target=\"_blank\" href=\"https:\/\/www.delfi.ee\/teema\/47018778\/pohja-tallinn\" tag-id=\"47018778\">P\u00f5hja-Tallinn<\/a>, <a rel=\"noopener nofollow\" target=\"_blank\" href=\"https:\/\/www.delfi.ee\/teema\/70504379\/rae\" tag-id=\"70504379\">Rae<\/a> vald, <a rel=\"noopener nofollow\" target=\"_blank\" href=\"https:\/\/www.delfi.ee\/teema\/71563811\/kuusalu-0\" tag-id=\"71563811\">Kuusalu<\/a>, <a rel=\"noopener nofollow\" target=\"_blank\" href=\"https:\/\/www.delfi.ee\/teema\/33447467\/viimsi\" tag-id=\"33447467\">Viimsi<\/a> ja <a rel=\"noopener nofollow\" target=\"_blank\" href=\"https:\/\/www.delfi.ee\/teema\/25581689\/marjamaa\" tag-id=\"25581689\">M\u00e4rjamaa<\/a>, siis praeguseks olud muutuvad pidevalt. Kus t\u00e4na on venimist, v\u00f5ib homme olla k\u00f5ik h\u00e4sti ja vastupidi.<\/p>\n<p>Oled juba tellija?Logi sisse<\/p>\n<p><a href=\"https:\/\/www.delfi.ee\/artikkel\/120427443\/prugiveos-esineb-endiselt-viivitusi-firma-juht-suudame-enam-vahem-lepingu-tingimusi-taita\/kommentaarid\" class=\"article-body-bottom__comment article-body-bottom__comment--write button button--primary button--size-auto\" rel=\"nofollow noopener\" target=\"_blank\"> Kommenteeri <\/a><a href=\"https:\/\/www.delfi.ee\/artikkel\/120427443\/prugiveos-esineb-endiselt-viivitusi-firma-juht-suudame-enam-vahem-lepingu-tingimusi-taita\/kommentaarid\" class=\"article-body-bottom__comment article-body-bottom__comment--read button button--size-auto\" rel=\"nofollow noopener\" target=\"_blank\"> Loe kommentaare (10)<\/a><\/p>\n","protected":false},"excerpt":{"rendered":"Luude viitas, et \u00fcle\u00f6\u00f6 muutusi siin oodata pole ning praegu on eemal endiselt ligi kaksk\u00fcmmend t\u00f6\u00f6tajat. \u201eMe suudame&hellip;\n","protected":false},"author":2,"featured_media":78364,"comment_status":"","ping_status":"","sticky":false,"template":"","format":"standard","meta":{"footnotes":"","_share_on_mastodon":"0"},"categories":[12],"tags":[20461,26,27,37,33,35,34,36,31,32,6304,994,21,39343,39342,21064,28,29,29492,19,6301,25,18351,23,24,22,20,30,2496],"class_list":["post-78363","post","type-post","status-publish","format-standard","has-post-thumbnail","category-eesti","tag-argo-luude","tag-breaking-news","tag-breakingnews","tag-ee","tag-eesti","tag-eesti-keel","tag-estonia","tag-estonian","tag-featured-news","tag-featurednews","tag-haabersti","tag-haapsalu","tag-headlines","tag-kehtna","tag-kiili","tag-kuusalu","tag-latest-news","tag-latestnews","tag-marjamaa","tag-news","tag-pohja-tallinn","tag-populaarseimad-lood","tag-rae","tag-top-stories","tag-topstories","tag-uldised-uudised","tag-uudised","tag-viimased-uudised","tag-viimsi"],"share_on_mastodon":{"url":"https:\/\/pubeurope.com\/@ee\/115842377581841263","error":""},"_links":{"self":[{"href":"https:\/\/www.europesays.com\/ee\/wp-json\/wp\/v2\/posts\/78363","targetHints":{"allow":["GET"]}}],"collection":[{"href":"https:\/\/www.europesays.com\/ee\/wp-json\/wp\/v2\/posts"}],"about":[{"href":"https:\/\/www.europesays.com\/ee\/wp-json\/wp\/v2\/types\/post"}],"author":[{"embeddable":true,"href":"https:\/\/www.europesays.com\/ee\/wp-json\/wp\/v2\/users\/2"}],"replies":[{"embeddable":true,"href":"https:\/\/www.europesays.com\/ee\/wp-json\/wp\/v2\/comments?post=78363"}],"version-history":[{"count":0,"href":"https:\/\/www.europesays.com\/ee\/wp-json\/wp\/v2\/posts\/78363\/revisions"}],"wp:featuredmedia":[{"embeddable":true,"href":"https:\/\/www.europesays.com\/ee\/wp-json\/wp\/v2\/media\/78364"}],"wp:attachment":[{"href":"https:\/\/www.europesays.com\/ee\/wp-json\/wp\/v2\/media?parent=78363"}],"wp:term":[{"taxonomy":"category","embeddable":true,"href":"https:\/\/www.europesays.com\/ee\/wp-json\/wp\/v2\/categories?post=78363"},{"taxonomy":"post_tag","embeddable":true,"href":"https:\/\/www.europesays.com\/ee\/wp-json\/wp\/v2\/tags?post=78363"}],"curies":[{"name":"wp","href":"https:\/\/api.w.org\/{rel}","templated":true}]}}