{"id":78513,"date":"2026-01-05T14:47:07","date_gmt":"2026-01-05T14:47:07","guid":{"rendered":"https:\/\/www.europesays.com\/ee\/78513\/"},"modified":"2026-01-05T14:47:07","modified_gmt":"2026-01-05T14:47:07","slug":"pakane-napistab-%e2%9f%a9-ool-vastu-teisipaeva-tuleb-kuni-20-kraadi-kulma-ilmajaam","status":"publish","type":"post","link":"https:\/\/www.europesays.com\/ee\/78513\/","title":{"rendered":"PAKANE N\u00c4PISTAB \u27e9 \u00d6\u00f6l vastu teisip\u00e4eva tuleb kuni 20 kraadi k\u00fclma &#8211; Ilmajaam"},"content":{"rendered":"<ol>\n<li><a href=\"https:\/\/news.google.com\/rss\/articles\/CBMiowFBVV95cUxPZVVHc1oycG9lUnhSdWxRTFU5aG5UcGtWRFJzMDhjMTVkV2Jld2c0eTdIWnJjQTNXd3J5ZGEzUTlHSXVDbGpLZmNXWFUxb3hiT2FveHJJVXRfWElKa2JyZ0R3V203UjR5NjRBNTVKM2E4enJzdHBDQm80c2x4ZWh2ejVaRnhseVRKWDBWRFozSzR0Z202QlZKX1BHQlJMczAyLUZB?oc=5\" target=\"_blank\" rel=\"nofollow noopener\">PAKANE N\u00c4PISTAB \u27e9 \u00d6\u00f6l vastu teisip\u00e4eva tuleb kuni 20 kraadi k\u00fclma<\/a>&nbsp;&nbsp;Ilmajaam<\/li>\n<li><a href=\"https:\/\/news.google.com\/rss\/articles\/CBMicEFVX3lxTE1ISHNiQWF1alQ0WkNuUzhTREdSY3hCckdySVdKakxVQ1JTVjBTX0dWRDNnX3Zfc1QwTUVaQ2d6ZEpUdU9LNlVWeFlfMmstVDF4OUk2Z1BHSzFfU3dxTnJWSDNxRlRXME5zalhVN2NZSUE?oc=5\" target=\"_blank\" rel=\"nofollow noopener\">Ilm p\u00fcsib talvine ka uuel n\u00e4dalal<\/a>&nbsp;&nbsp;ERR<\/li>\n<li><a href=\"https:\/\/news.google.com\/rss\/articles\/CBMipAFBVV95cUxQekNPaGlJNnF1U1doa2tBRUFlMlB4YzlEaG8wNXlHdDdyLXRfMXlHdFA1VXhsR0U2al9QaWJPekpCRjhxajNUNUowOWlXYkhOWDdTZFBXR0UyNTUzU1lOTmZsY05ZSG41VHQ3OWU5UnJVbVRtem5nTVg3WldpSEtuU0JGbURVWlRtTV9uY0lVajl4WXE3VDR2dHNoaUN4UTdpMVVadg?oc=5\" target=\"_blank\" rel=\"nofollow noopener\">Eeloleva n\u00e4dala esimene pool kostitab kr\u00f5beda talvek\u00fclmaga<\/a>&nbsp;&nbsp;Virumaa Teataja<\/li>\n<li><a href=\"https:\/\/news.google.com\/rss\/articles\/CBMiswFBVV95cUxNR2V6aGg0bFg1ZG00dTFyMlVwSXFNSHZnUExUelIwa0M4VVdISUJYWlZJMVVHbWk1VHNxa0RreEJJbno0SS1qNGxEYmlWbXl1bGVVYW9DbXU3SDNXTmljaXcyT01ERkhPN21aT2p1UF9aYTFIZU51Nlp2RUkzQUhRUVo5SDlNdTI4X2tZZlVYNlpOb3J4cHd4SkJIVTduZEpOay1WS1NYWWI1S2FhaXpvc21GUQ?oc=5\" target=\"_blank\" rel=\"nofollow noopener\">KASUKAD SELGA! Ilm j\u00e4tkab talvist joont, \u00f5hutemperatuur langeb kohati isegi alla -20<\/a>&nbsp;&nbsp;\u00d5htuleht<\/li>\n<li><a href=\"https:\/\/news.google.com\/rss\/articles\/CBMirwFBVV95cUxNRU53Z2c1VThzVUZlMW9vUXJ4TXN6WUJDNkxENm5iSm0zZW1fYnZqNFRna1Z4aUo2VWhDeTV2bHVNaVhDTG9rMktDN28xcW0yZHhEV2Qwb2EwVFJ0aV9jcDhKalhjVnZQZ2plTWNGaG5BTS1lblV2SDNZbHdLLXdabDZ6YWpyQlJNYk9aUnNUcHlZZ1dIQUJYRFQzRlcxdVozVjBjX2U2UldHVHlIdkFJ?oc=5\" target=\"_blank\" rel=\"nofollow noopener\">ILMATEADE | Uusaasta\u00f6\u00f6l langeb temperatuur m\u00f5nel pool ka \u201320 kraadini<\/a>&nbsp;&nbsp;Maaleht<\/li>\n<\/ol>\n","protected":false},"excerpt":{"rendered":"PAKANE N\u00c4PISTAB \u27e9 \u00d6\u00f6l vastu teisip\u00e4eva tuleb kuni 20 kraadi k\u00fclma&nbsp;&nbsp;Ilmajaam Ilm p\u00fcsib talvine ka uuel n\u00e4dalal&nbsp;&nbsp;ERR Eeloleva&hellip;\n","protected":false},"author":2,"featured_media":78514,"comment_status":"","ping_status":"","sticky":false,"template":"","format":"standard","meta":{"footnotes":"","_share_on_mastodon":"0"},"categories":[5],"tags":[26,27,37,33,35,22956,34,36,31,32,21,668,22010,39412,28,29,19,8371,32160,25,39411,23,24,8798,22,20,30],"class_list":["post-78513","post","type-post","status-publish","format-standard","has-post-thumbnail","category-uldised-uudised","tag-breaking-news","tag-breakingnews","tag-ee","tag-eesti","tag-eesti-keel","tag-eestis","tag-estonia","tag-estonian","tag-featured-news","tag-featurednews","tag-headlines","tag-ilm","tag-kulm","tag-kulmakraadid","tag-latest-news","tag-latestnews","tag-news","tag-peipsi-jarv","tag-pilvisus","tag-populaarseimad-lood","tag-sajud","tag-top-stories","tag-topstories","tag-tuul","tag-uldised-uudised","tag-uudised","tag-viimased-uudised"],"share_on_mastodon":{"url":"https:\/\/pubeurope.com\/@ee\/115843042040544994","error":""},"_links":{"self":[{"href":"https:\/\/www.europesays.com\/ee\/wp-json\/wp\/v2\/posts\/78513","targetHints":{"allow":["GET"]}}],"collection":[{"href":"https:\/\/www.europesays.com\/ee\/wp-json\/wp\/v2\/posts"}],"about":[{"href":"https:\/\/www.europesays.com\/ee\/wp-json\/wp\/v2\/types\/post"}],"author":[{"embeddable":true,"href":"https:\/\/www.europesays.com\/ee\/wp-json\/wp\/v2\/users\/2"}],"replies":[{"embeddable":true,"href":"https:\/\/www.europesays.com\/ee\/wp-json\/wp\/v2\/comments?post=78513"}],"version-history":[{"count":0,"href":"https:\/\/www.europesays.com\/ee\/wp-json\/wp\/v2\/posts\/78513\/revisions"}],"wp:featuredmedia":[{"embeddable":true,"href":"https:\/\/www.europesays.com\/ee\/wp-json\/wp\/v2\/media\/78514"}],"wp:attachment":[{"href":"https:\/\/www.europesays.com\/ee\/wp-json\/wp\/v2\/media?parent=78513"}],"wp:term":[{"taxonomy":"category","embeddable":true,"href":"https:\/\/www.europesays.com\/ee\/wp-json\/wp\/v2\/categories?post=78513"},{"taxonomy":"post_tag","embeddable":true,"href":"https:\/\/www.europesays.com\/ee\/wp-json\/wp\/v2\/tags?post=78513"}],"curies":[{"name":"wp","href":"https:\/\/api.w.org\/{rel}","templated":true}]}}