{"id":78568,"date":"2026-01-05T15:52:06","date_gmt":"2026-01-05T15:52:06","guid":{"rendered":"https:\/\/www.europesays.com\/ee\/78568\/"},"modified":"2026-01-05T15:52:06","modified_gmt":"2026-01-05T15:52:06","slug":"klient-tagastas-e-poest-tellitud-tooted-kaupleja-peab-huvitama-ule-680-euro","status":"publish","type":"post","link":"https:\/\/www.europesays.com\/ee\/78568\/","title":{"rendered":"Klient tagastas e-poest tellitud tooted. Kaupleja peab h\u00fcvitama \u00fcle 680 euro"},"content":{"rendered":"<p>Mis juhtub siis, kui tarbija tagastab e-poest ostetud kaubad t\u00e4pselt nii, nagu reeglid ette n\u00e4evad, kuid raha ei tule tagasi? Just sellise vaidluseni j\u00f5udis \u00fche kliendi ja r\u00f5ivam\u00fc\u00fcja LPP Estonia O\u00dc vaheline juhtum.<\/p>\n<p>Tarbija tagastas 2024. aasta oktoobris ja novembris e-poest reserved.com ostetud kaubad, kasutades m\u00fc\u00fcgilepingust taganemise \u00f5igust 30 p\u00e4eva jooksul. Tagastatud kaupade koguv\u00e4\u00e4rtus on 685,25 eurot.<\/p>\n","protected":false},"excerpt":{"rendered":"Mis juhtub siis, kui tarbija tagastab e-poest ostetud kaubad t\u00e4pselt nii, nagu reeglid ette n\u00e4evad, kuid raha ei&hellip;\n","protected":false},"author":2,"featured_media":78569,"comment_status":"","ping_status":"","sticky":false,"template":"","format":"standard","meta":{"footnotes":"","_share_on_mastodon":"0"},"categories":[12],"tags":[26,27,10831,37,33,35,34,36,31,32,21,39428,28,29,39427,19,25,39426,28295,20454,23,24,22,20,30],"class_list":["post-78568","post","type-post","status-publish","format-standard","has-post-thumbnail","category-eesti","tag-breaking-news","tag-breakingnews","tag-e-pood","tag-ee","tag-eesti","tag-eesti-keel","tag-estonia","tag-estonian","tag-featured-news","tag-featurednews","tag-headlines","tag-kauba-tagastus","tag-latest-news","tag-latestnews","tag-lpp-estonia-ou","tag-news","tag-populaarseimad-lood","tag-reserved-com","tag-taganemisoigus","tag-tarbijavaidlus","tag-top-stories","tag-topstories","tag-uldised-uudised","tag-uudised","tag-viimased-uudised"],"share_on_mastodon":{"url":"https:\/\/pubeurope.com\/@ee\/115843297642141935","error":""},"_links":{"self":[{"href":"https:\/\/www.europesays.com\/ee\/wp-json\/wp\/v2\/posts\/78568","targetHints":{"allow":["GET"]}}],"collection":[{"href":"https:\/\/www.europesays.com\/ee\/wp-json\/wp\/v2\/posts"}],"about":[{"href":"https:\/\/www.europesays.com\/ee\/wp-json\/wp\/v2\/types\/post"}],"author":[{"embeddable":true,"href":"https:\/\/www.europesays.com\/ee\/wp-json\/wp\/v2\/users\/2"}],"replies":[{"embeddable":true,"href":"https:\/\/www.europesays.com\/ee\/wp-json\/wp\/v2\/comments?post=78568"}],"version-history":[{"count":0,"href":"https:\/\/www.europesays.com\/ee\/wp-json\/wp\/v2\/posts\/78568\/revisions"}],"wp:featuredmedia":[{"embeddable":true,"href":"https:\/\/www.europesays.com\/ee\/wp-json\/wp\/v2\/media\/78569"}],"wp:attachment":[{"href":"https:\/\/www.europesays.com\/ee\/wp-json\/wp\/v2\/media?parent=78568"}],"wp:term":[{"taxonomy":"category","embeddable":true,"href":"https:\/\/www.europesays.com\/ee\/wp-json\/wp\/v2\/categories?post=78568"},{"taxonomy":"post_tag","embeddable":true,"href":"https:\/\/www.europesays.com\/ee\/wp-json\/wp\/v2\/tags?post=78568"}],"curies":[{"name":"wp","href":"https:\/\/api.w.org\/{rel}","templated":true}]}}