{"id":78579,"date":"2026-01-05T16:04:44","date_gmt":"2026-01-05T16:04:44","guid":{"rendered":"https:\/\/www.europesays.com\/ee\/78579\/"},"modified":"2026-01-05T16:04:44","modified_gmt":"2026-01-05T16:04:44","slug":"noo-vallavanema-kohta-soovib-ule-kuuekumne-inimese","status":"publish","type":"post","link":"https:\/\/www.europesays.com\/ee\/78579\/","title":{"rendered":"N\u00f5o vallavanema kohta soovib \u00fcle kuuek\u00fcmne inimese"},"content":{"rendered":"<p>L\u00e4inud aasta viimasel p\u00e4eval l\u00f5ppes kandidaatide esitamine N\u00f5o vallavanema ametikohale. Konkursile laekus \u00fcle 60 sooviavalduse ning kandidaatide seas on nii endisi vallavanemaid kui ka erasektori juhte.<\/p>\n<p>N\u00f5o vallavanema ametikoht on tekitanud v\u00e4ikese tormi: konkursile laekus \u00fcle 60 avalduse ning kandidaatide seas leidub nii kogenud omavalitsusjuhte kui ka erasektori tippjuhte.<\/p>\n","protected":false},"excerpt":{"rendered":"L\u00e4inud aasta viimasel p\u00e4eval l\u00f5ppes kandidaatide esitamine N\u00f5o vallavanema ametikohale. Konkursile laekus \u00fcle 60 sooviavalduse ning kandidaatide seas&hellip;\n","protected":false},"author":2,"featured_media":78580,"comment_status":"","ping_status":"","sticky":false,"template":"","format":"standard","meta":{"footnotes":"","_share_on_mastodon":"0"},"categories":[5],"tags":[26,27,37,33,35,34,36,31,32,21,39431,25014,39432,39429,7876,2695,39434,28,29,39436,19,22305,13465,39430,39433,39437,25,39435,1987,23,24,22,20,14267,28892,30806,30,727],"class_list":["post-78579","post","type-post","status-publish","format-standard","has-post-thumbnail","category-uldised-uudised","tag-breaking-news","tag-breakingnews","tag-ee","tag-eesti","tag-eesti-keel","tag-estonia","tag-estonian","tag-featured-news","tag-featurednews","tag-headlines","tag-janar-saviir","tag-juhtimiskogemus","tag-kandidaatide-esitamine","tag-kandidatuur","tag-kohalik-omavalitsus","tag-konkurss","tag-konkurss-vallavanema-ametikohale","tag-latest-news","tag-latestnews","tag-maano-koemets","tag-news","tag-noo","tag-noo-vald","tag-noo-vallavanema-konkurss","tag-noo-vallavolikogu","tag-omavalitsusjuht","tag-populaarseimad-lood","tag-rain-sangernebo","tag-tootasu","tag-top-stories","tag-topstories","tag-uldised-uudised","tag-uudised","tag-valimisliidud","tag-vallavanema-palk","tag-vallavanema-valimine","tag-viimased-uudised","tag-volikogu"],"share_on_mastodon":{"url":"","error":"Validation failed: Text character limit of 500 exceeded"},"_links":{"self":[{"href":"https:\/\/www.europesays.com\/ee\/wp-json\/wp\/v2\/posts\/78579","targetHints":{"allow":["GET"]}}],"collection":[{"href":"https:\/\/www.europesays.com\/ee\/wp-json\/wp\/v2\/posts"}],"about":[{"href":"https:\/\/www.europesays.com\/ee\/wp-json\/wp\/v2\/types\/post"}],"author":[{"embeddable":true,"href":"https:\/\/www.europesays.com\/ee\/wp-json\/wp\/v2\/users\/2"}],"replies":[{"embeddable":true,"href":"https:\/\/www.europesays.com\/ee\/wp-json\/wp\/v2\/comments?post=78579"}],"version-history":[{"count":0,"href":"https:\/\/www.europesays.com\/ee\/wp-json\/wp\/v2\/posts\/78579\/revisions"}],"wp:featuredmedia":[{"embeddable":true,"href":"https:\/\/www.europesays.com\/ee\/wp-json\/wp\/v2\/media\/78580"}],"wp:attachment":[{"href":"https:\/\/www.europesays.com\/ee\/wp-json\/wp\/v2\/media?parent=78579"}],"wp:term":[{"taxonomy":"category","embeddable":true,"href":"https:\/\/www.europesays.com\/ee\/wp-json\/wp\/v2\/categories?post=78579"},{"taxonomy":"post_tag","embeddable":true,"href":"https:\/\/www.europesays.com\/ee\/wp-json\/wp\/v2\/tags?post=78579"}],"curies":[{"name":"wp","href":"https:\/\/api.w.org\/{rel}","templated":true}]}}