{"id":78727,"date":"2026-01-05T19:52:09","date_gmt":"2026-01-05T19:52:09","guid":{"rendered":"https:\/\/www.europesays.com\/ee\/78727\/"},"modified":"2026-01-05T19:52:09","modified_gmt":"2026-01-05T19:52:09","slug":"kaos-celticus-peatreenerile-naidati-koigest-33-paeva-jarel-ust-soccernet-ee","status":"publish","type":"post","link":"https:\/\/www.europesays.com\/ee\/78727\/","title":{"rendered":"Kaos Celticus: peatreenerile n\u00e4idati k\u00f5igest 33 p\u00e4eva j\u00e4rel ust &#8211; Soccernet.ee"},"content":{"rendered":"<p><img decoding=\"async\" src=\"https:\/\/www.europesays.com\/ee\/wp-content\/uploads\/2026\/01\/1767627144.jpg\" alt=\"Celtic vallandas peatreener Wilfried Nancy k\u00f5igest 33 p\u00e4eva j\u00e4rel. Foto: Scanpix \/ Robert Perry \/ EPA\"\/>&#13;\n<\/p>\n<p>\u0160otimaa suurklubi Celtic teatas, et koost\u00f6\u00f6 peatreener Wilfried Nancyga l\u00f5petati p\u00e4rast viimatist 1:3 kaotust igip\u00f5lisele rivaalile Rangersile.\u00a0<\/p>\n<p>48-aastane Nancy s\u00f5lmis \u0160oti valitseva meistriga kahe ja poole aastase lepingu. Siiski \u00f5nnestus n\u00fc\u00fcdseks klubiga h\u00fcvasti j\u00e4tnud peatreeneril Celticut juhendada vaid 33 p\u00e4eva. Nancy astus ametisse p\u00e4rast seda, kui endise peatreeneri Brendan Rodgersi lahkumise j\u00e4rel v\u00f5ttis juhendamise ajutiselt \u00fcle Martin O&#8217;Neill, kirjutab BBC.\u00a0&#13;\n<\/p>\n<p>Kui O&#8217;Neilli k\u00e4e all v\u00f5itis Celtic kaheksast m\u00e4ngust seitse, siis Nancy juhtimisel hakkas meeskonna vorm m\u00e4rgatavalt langema. Nancyst sai esimene Celticu peatreener, kes oma ametiaja jooksul kaks esimest m\u00e4ngu kaotusvalu pidi tundma. Seej\u00e4rel tunnistati St Mirreni 3:1 paremust ning 1:2 j\u00e4\u00e4di alla Dundee Unitedile. Tegu oli esimese korraga alates 1978. aastast, mil Celtic kaotas neli j\u00e4rjestikust kohtumist.\u00a0&#13;\n<\/p>\n<blockquote class=\"twitter-tweet\"><p>&#13;<\/p>\n<p lang=\"en\" dir=\"ltr\">\ud83d\udea8\ud83d\udea8 Wilfried Nancy has been SACKED by Celtic. Just 8 games in charge. \ud83d\udc4b<\/p>\n<p>\u274c 2-1 loss vs Hearts<br \/>&#13;<br \/>\n\u274c 3-0 loss vs Roma<br \/>&#13;<br \/>\n\u274c 3-1 loss vs St. Mirren<br \/>&#13;<br \/>\n\u274c 2-1 loss vs Dundee United<br \/>&#13;<br \/>\n\u2705 3-1 win vs Aberdeen<br \/>&#13;<br \/>\n\u2705 4-2 win vs Livingston<br \/>&#13;<br \/>\n\u274c 2-0 loss vs Motherwell<br \/>&#13;<br \/>\n\u274c 3-1 loss vs Rangers <a href=\"https:\/\/t.co\/CuEdufsdLx\" rel=\"nofollow\">pic.twitter.com\/CuEdufsdLx<\/a>&#13;<br \/>\n\u2014 EuroFoot (@eurofootcom) <a href=\"https:\/\/twitter.com\/eurofootcom\/status\/2008196466247135471?ref_src=twsrc%5Etfw\" rel=\"nofollow noopener\" target=\"_blank\">January 5, 2026<\/a><\/p>\n<\/blockquote>\n<p>Celtic, kes on viimasest 14 hooajast meistriks tulnud 13 korral, paikneb praegu \u0160oti k\u00f5rgliiga teisel tabelireal, j\u00e4\u00e4des endise Narva Transi r\u00fcndaja Pierre Landry Kabore koduklubist Heartsist maha kuue punktiga. 20 m\u00e4nguvooruga on kogutud 38 punkti, mis on 15 silma v\u00e4hem kui samal hetkel m\u00f6\u00f6dunud hooajal. Meeskonna juhtimise v\u00f5tab hooaja l\u00f5puni \u00fcle juba varasemalt ajutiselt pukis olnud O&#8217;Neill.&#13;\n<\/p>\n<p>          <script async src=\"https:\/\/platform.twitter.com\/widgets.js\" charset=\"utf-8\"><\/script><\/p>\n","protected":false},"excerpt":{"rendered":"&#13; \u0160otimaa suurklubi Celtic teatas, et koost\u00f6\u00f6 peatreener Wilfried Nancyga l\u00f5petati p\u00e4rast viimatist 1:3 kaotust igip\u00f5lisele rivaalile Rangersile.\u00a0&hellip;\n","protected":false},"author":2,"featured_media":78728,"comment_status":"","ping_status":"","sticky":false,"template":"","format":"standard","meta":{"footnotes":"","_share_on_mastodon":"0"},"categories":[18],"tags":[15654,37,33,35,34,36,7293,18761,28109,4565,159,158,39493],"class_list":["post-78727","post","type-post","status-publish","format-standard","has-post-thumbnail","category-sport","tag-celtic","tag-ee","tag-eesti","tag-eesti-keel","tag-estonia","tag-estonian","tag-glasgow","tag-glasgow-celtic","tag-nancy","tag-sotimaa","tag-sport","tag-sports","tag-wilfried-nancy"],"share_on_mastodon":{"url":"https:\/\/pubeurope.com\/@ee\/115844241374852966","error":""},"_links":{"self":[{"href":"https:\/\/www.europesays.com\/ee\/wp-json\/wp\/v2\/posts\/78727","targetHints":{"allow":["GET"]}}],"collection":[{"href":"https:\/\/www.europesays.com\/ee\/wp-json\/wp\/v2\/posts"}],"about":[{"href":"https:\/\/www.europesays.com\/ee\/wp-json\/wp\/v2\/types\/post"}],"author":[{"embeddable":true,"href":"https:\/\/www.europesays.com\/ee\/wp-json\/wp\/v2\/users\/2"}],"replies":[{"embeddable":true,"href":"https:\/\/www.europesays.com\/ee\/wp-json\/wp\/v2\/comments?post=78727"}],"version-history":[{"count":0,"href":"https:\/\/www.europesays.com\/ee\/wp-json\/wp\/v2\/posts\/78727\/revisions"}],"wp:featuredmedia":[{"embeddable":true,"href":"https:\/\/www.europesays.com\/ee\/wp-json\/wp\/v2\/media\/78728"}],"wp:attachment":[{"href":"https:\/\/www.europesays.com\/ee\/wp-json\/wp\/v2\/media?parent=78727"}],"wp:term":[{"taxonomy":"category","embeddable":true,"href":"https:\/\/www.europesays.com\/ee\/wp-json\/wp\/v2\/categories?post=78727"},{"taxonomy":"post_tag","embeddable":true,"href":"https:\/\/www.europesays.com\/ee\/wp-json\/wp\/v2\/tags?post=78727"}],"curies":[{"name":"wp","href":"https:\/\/api.w.org\/{rel}","templated":true}]}}