{"id":78782,"date":"2026-01-05T21:12:21","date_gmt":"2026-01-05T21:12:21","guid":{"rendered":"https:\/\/www.europesays.com\/ee\/78782\/"},"modified":"2026-01-05T21:12:21","modified_gmt":"2026-01-05T21:12:21","slug":"kuidas-siis-mesinadalad-laksid-kah","status":"publish","type":"post","link":"https:\/\/www.europesays.com\/ee\/78782\/","title":{"rendered":"kuidas siis mesin\u00e4dalad l\u00e4ksid kah?"},"content":{"rendered":"<p>Mees l\u00e4heb kuu aega p\u00e4rast abiellumist t\u00f6\u00f6le.<\/p>\n<p>Kolleegid on tema \u00fcmber karjas ja tunnevad huvi:<\/p>\n<p>&#8220;Noh, kuidas siis mesin\u00e4dalad l\u00e4ksid kah?&#8221;<\/p>\n<p>&#8220;Mis need mesin\u00e4dalad on?&#8221; ei saa mees aru.<\/p>\n<p>&#8220;Noh, kui v\u00f5rrelda abielu s\u00f5nnikut t\u00e4is purgiga, kus kaane all on \u00f5huke kiht mett, siis mesin\u00e4dalad ongi see \u00f5huke meekiht,&#8221; selgitavad kolleegid talle.<\/p>\n<p>&#8220;Aa, selge\u2026 Tundub, et mina avasin selle purgi teisest otsast\u2026!&#8221;<\/p>\n","protected":false},"excerpt":{"rendered":"Mees l\u00e4heb kuu aega p\u00e4rast abiellumist t\u00f6\u00f6le. Kolleegid on tema \u00fcmber karjas ja tunnevad huvi: &#8220;Noh, kuidas siis&hellip;\n","protected":false},"author":2,"featured_media":78783,"comment_status":"","ping_status":"","sticky":false,"template":"","format":"standard","meta":{"footnotes":"","_share_on_mastodon":"0"},"categories":[12],"tags":[23472,26,27,37,33,35,34,36,31,32,21,25374,28,29,39503,3675,39502,19,25,39505,39504,674,23,24,22,20,30],"class_list":["post-78782","post","type-post","status-publish","format-standard","has-post-thumbnail","category-eesti","tag-abiellumine","tag-breaking-news","tag-breakingnews","tag-ee","tag-eesti","tag-eesti-keel","tag-estonia","tag-estonian","tag-featured-news","tag-featurednews","tag-headlines","tag-kolleeg","tag-latest-news","tag-latestnews","tag-meekate","tag-mees","tag-mesinadalad","tag-news","tag-populaarseimad-lood","tag-purk","tag-sonnik","tag-too","tag-top-stories","tag-topstories","tag-uldised-uudised","tag-uudised","tag-viimased-uudised"],"share_on_mastodon":{"url":"https:\/\/pubeurope.com\/@ee\/115844555958959186","error":""},"_links":{"self":[{"href":"https:\/\/www.europesays.com\/ee\/wp-json\/wp\/v2\/posts\/78782","targetHints":{"allow":["GET"]}}],"collection":[{"href":"https:\/\/www.europesays.com\/ee\/wp-json\/wp\/v2\/posts"}],"about":[{"href":"https:\/\/www.europesays.com\/ee\/wp-json\/wp\/v2\/types\/post"}],"author":[{"embeddable":true,"href":"https:\/\/www.europesays.com\/ee\/wp-json\/wp\/v2\/users\/2"}],"replies":[{"embeddable":true,"href":"https:\/\/www.europesays.com\/ee\/wp-json\/wp\/v2\/comments?post=78782"}],"version-history":[{"count":0,"href":"https:\/\/www.europesays.com\/ee\/wp-json\/wp\/v2\/posts\/78782\/revisions"}],"wp:featuredmedia":[{"embeddable":true,"href":"https:\/\/www.europesays.com\/ee\/wp-json\/wp\/v2\/media\/78783"}],"wp:attachment":[{"href":"https:\/\/www.europesays.com\/ee\/wp-json\/wp\/v2\/media?parent=78782"}],"wp:term":[{"taxonomy":"category","embeddable":true,"href":"https:\/\/www.europesays.com\/ee\/wp-json\/wp\/v2\/categories?post=78782"},{"taxonomy":"post_tag","embeddable":true,"href":"https:\/\/www.europesays.com\/ee\/wp-json\/wp\/v2\/tags?post=78782"}],"curies":[{"name":"wp","href":"https:\/\/api.w.org\/{rel}","templated":true}]}}