{"id":78880,"date":"2026-01-06T01:47:07","date_gmt":"2026-01-06T01:47:07","guid":{"rendered":"https:\/\/www.europesays.com\/ee\/78880\/"},"modified":"2026-01-06T01:47:07","modified_gmt":"2026-01-06T01:47:07","slug":"valga-vald-votab-fookusesse-hariduselu-ja-maine","status":"publish","type":"post","link":"https:\/\/www.europesays.com\/ee\/78880\/","title":{"rendered":"Valga vald v\u00f5tab fookusesse hariduselu ja maine"},"content":{"rendered":"<p>Olen olnud Valga vallavanem umbes kuu aega. See on olnud erakordselt tegus ja s\u00fcndmusterohke aeg. Valga ja Kagu-Eesti vajavad n\u00fc\u00fcd ja kohe entusiastlikku, j\u00f5ulist ning \u00fcle-eestilist tuntust, k\u00fcllakutset ja julget tegutsemist. Valga vallas on fookuses hariduselu ja maine. Valga-Valka \u2013 \u00fcks linn, kaks riiki \u2013 on \u00fcks 18 000 elanikuga linn, mida peaksid nii Eesti kui L\u00e4ti riik vaatama tervikuna ja n\u00e4gema selles unikaalset v\u00f5imalust.<\/p>\n","protected":false},"excerpt":{"rendered":"Olen olnud Valga vallavanem umbes kuu aega. See on olnud erakordselt tegus ja s\u00fcndmusterohke aeg. Valga ja Kagu-Eesti&hellip;\n","protected":false},"author":2,"featured_media":78881,"comment_status":"","ping_status":"","sticky":false,"template":"","format":"standard","meta":{"footnotes":"","_share_on_mastodon":"0"},"categories":[12],"tags":[26,27,37,33,35,34,36,31,32,3932,21,39539,28,29,12605,19,25,23,24,22,20,39538,39540,30],"class_list":["post-78880","post","type-post","status-publish","format-standard","has-post-thumbnail","category-eesti","tag-breaking-news","tag-breakingnews","tag-ee","tag-eesti","tag-eesti-keel","tag-estonia","tag-estonian","tag-featured-news","tag-featurednews","tag-haridus-ja-teadusministeerium","tag-headlines","tag-kukeseened","tag-latest-news","tag-latestnews","tag-mart-kase","tag-news","tag-populaarseimad-lood","tag-top-stories","tag-topstories","tag-uldised-uudised","tag-uudised","tag-valga-ujula","tag-valgalase-kaart","tag-viimased-uudised"],"share_on_mastodon":{"url":"https:\/\/pubeurope.com\/@ee\/115845637235259722","error":""},"_links":{"self":[{"href":"https:\/\/www.europesays.com\/ee\/wp-json\/wp\/v2\/posts\/78880","targetHints":{"allow":["GET"]}}],"collection":[{"href":"https:\/\/www.europesays.com\/ee\/wp-json\/wp\/v2\/posts"}],"about":[{"href":"https:\/\/www.europesays.com\/ee\/wp-json\/wp\/v2\/types\/post"}],"author":[{"embeddable":true,"href":"https:\/\/www.europesays.com\/ee\/wp-json\/wp\/v2\/users\/2"}],"replies":[{"embeddable":true,"href":"https:\/\/www.europesays.com\/ee\/wp-json\/wp\/v2\/comments?post=78880"}],"version-history":[{"count":0,"href":"https:\/\/www.europesays.com\/ee\/wp-json\/wp\/v2\/posts\/78880\/revisions"}],"wp:featuredmedia":[{"embeddable":true,"href":"https:\/\/www.europesays.com\/ee\/wp-json\/wp\/v2\/media\/78881"}],"wp:attachment":[{"href":"https:\/\/www.europesays.com\/ee\/wp-json\/wp\/v2\/media?parent=78880"}],"wp:term":[{"taxonomy":"category","embeddable":true,"href":"https:\/\/www.europesays.com\/ee\/wp-json\/wp\/v2\/categories?post=78880"},{"taxonomy":"post_tag","embeddable":true,"href":"https:\/\/www.europesays.com\/ee\/wp-json\/wp\/v2\/tags?post=78880"}],"curies":[{"name":"wp","href":"https:\/\/api.w.org\/{rel}","templated":true}]}}