{"id":79191,"date":"2026-01-06T12:16:23","date_gmt":"2026-01-06T12:16:23","guid":{"rendered":"https:\/\/www.europesays.com\/ee\/79191\/"},"modified":"2026-01-06T12:16:23","modified_gmt":"2026-01-06T12:16:23","slug":"eesti-vehklemisliidus-taas-kodusoda-vastset-presidenti-tahetakse-maha-votta-epeenaiskond-ikka-peatreenerita","status":"publish","type":"post","link":"https:\/\/www.europesays.com\/ee\/79191\/","title":{"rendered":"Eesti vehklemisliidus taas kodus\u00f5da: vastset presidenti tahetakse maha v\u00f5tta, epeenaiskond ikka peatreenerita"},"content":{"rendered":"<p class=\"western\">L\u00e4inud aasta l\u00f5pp oli Eesti vehklemisele \u00fclimalt edukas: kolmeliikmeline epeenaiskond v\u00f5itis Vancouveri MK-etapi ja teenis parima v\u00f5istkonna Kristjani, novembri alguses valiti alaliidu uueks presidendiks vandeadvokaat Alar Eiche, epeenaiste peatreeneriks oli valmis asuma Meelis Loit, kui tema tingimused t\u00e4idetakse ning EOK suurendas vehklemise rahastust. K\u00f5ik oli justkui \u00fcle mitme-setme aasta j\u00e4rel korras&#8230;<\/p>\n<p class=\"western\">Viis p\u00e4eva p\u00e4rast uue aasta algust on Eesti vehklemises taas k\u00f5ik lagunenud ja k\u00e4ib kodus\u00f5da. Sel n\u00e4dalavahetusel toimuvale Fujairachi MK-etapile lendab lisaks naiskonna kolmele tugisambale (Katrina Lehis, Irina Embrich, Julia Beljajeva) ka kolm noort \u2013 Maria Embrich, Eliise Kikerpill ja Julia Trynova \u2013, kuid peatreenerit pole ikka. Loit ei soovinud loobumise tagamaid avada, ent kuuldavasti peitub p\u00f5hjus vehklemisliidu segases, kui pehmelt v\u00e4ljenduda, seisus.<\/p>\n<p>Oled juba tellija?Logi sisse<\/p>\n<p><a href=\"https:\/\/sport.delfi.ee\/artikkel\/120427532\/eesti-vehklemisliidus-taas-kodusoda-vastset-presidenti-tahetakse-maha-votta-epeenaiskond-ikka-peatreenerita\/kommentaarid\" class=\"article-body-bottom__comment article-body-bottom__comment--write button button--primary button--size-auto\" rel=\"nofollow noopener\" target=\"_blank\"> Kommenteeri <\/a><a href=\"https:\/\/sport.delfi.ee\/artikkel\/120427532\/eesti-vehklemisliidus-taas-kodusoda-vastset-presidenti-tahetakse-maha-votta-epeenaiskond-ikka-peatreenerita\/kommentaarid\" class=\"article-body-bottom__comment article-body-bottom__comment--read button button--size-auto\" rel=\"nofollow noopener\" target=\"_blank\"> Loe kommentaare (78)<\/a><\/p>\n","protected":false},"excerpt":{"rendered":"L\u00e4inud aasta l\u00f5pp oli Eesti vehklemisele \u00fclimalt edukas: kolmeliikmeline epeenaiskond v\u00f5itis Vancouveri MK-etapi ja teenis parima v\u00f5istkonna Kristjani,&hellip;\n","protected":false},"author":2,"featured_media":79192,"comment_status":"","ping_status":"","sticky":false,"template":"","format":"standard","meta":{"footnotes":"","_share_on_mastodon":"0"},"categories":[18],"tags":[20657,37,33,28770,35,16551,34,36,159,158],"class_list":["post-79191","post","type-post","status-publish","format-standard","has-post-thumbnail","category-sport","tag-alar-eiche","tag-ee","tag-eesti","tag-eesti-epeenaiskond","tag-eesti-keel","tag-eesti-vehklemisliit","tag-estonia","tag-estonian","tag-sport","tag-sports"],"share_on_mastodon":{"url":"https:\/\/pubeurope.com\/@ee\/115848110621879155","error":""},"_links":{"self":[{"href":"https:\/\/www.europesays.com\/ee\/wp-json\/wp\/v2\/posts\/79191","targetHints":{"allow":["GET"]}}],"collection":[{"href":"https:\/\/www.europesays.com\/ee\/wp-json\/wp\/v2\/posts"}],"about":[{"href":"https:\/\/www.europesays.com\/ee\/wp-json\/wp\/v2\/types\/post"}],"author":[{"embeddable":true,"href":"https:\/\/www.europesays.com\/ee\/wp-json\/wp\/v2\/users\/2"}],"replies":[{"embeddable":true,"href":"https:\/\/www.europesays.com\/ee\/wp-json\/wp\/v2\/comments?post=79191"}],"version-history":[{"count":0,"href":"https:\/\/www.europesays.com\/ee\/wp-json\/wp\/v2\/posts\/79191\/revisions"}],"wp:featuredmedia":[{"embeddable":true,"href":"https:\/\/www.europesays.com\/ee\/wp-json\/wp\/v2\/media\/79192"}],"wp:attachment":[{"href":"https:\/\/www.europesays.com\/ee\/wp-json\/wp\/v2\/media?parent=79191"}],"wp:term":[{"taxonomy":"category","embeddable":true,"href":"https:\/\/www.europesays.com\/ee\/wp-json\/wp\/v2\/categories?post=79191"},{"taxonomy":"post_tag","embeddable":true,"href":"https:\/\/www.europesays.com\/ee\/wp-json\/wp\/v2\/tags?post=79191"}],"curies":[{"name":"wp","href":"https:\/\/api.w.org\/{rel}","templated":true}]}}