{"id":79215,"date":"2026-01-06T12:40:07","date_gmt":"2026-01-06T12:40:07","guid":{"rendered":"https:\/\/www.europesays.com\/ee\/79215\/"},"modified":"2026-01-06T12:40:07","modified_gmt":"2026-01-06T12:40:07","slug":"minu-juhitud-institutsioon-pole-euroopa-komisjonile-algusest-peale-meeldinud","status":"publish","type":"post","link":"https:\/\/www.europesays.com\/ee\/79215\/","title":{"rendered":"minu juhitud institutsioon pole Euroopa Komisjonile algusest peale meeldinud"},"content":{"rendered":"<p>Euroopa Liidu v\u00e4lisasjade k\u00f5rge esindaja Kaja Kallas r\u00e4\u00e4kis Kuku saates <a target=\"_blank\" rel=\"noopener noreferrer nofollow\" href=\"https:\/\/kuku.pleier.ee\/podcast\/sihik\/285315\">\u00abSihik\u00bb<\/a> nii Venezuelas toimunust, sanktsioonidest, kuid ka suhetest Euroopa institutsioonides.<\/p>\n<p>\u00abReeglitel p\u00f5hinev maailmakord tegelikult enam ei kehti,\u00bb s\u00f5nas Kallas viidates rahvusvahelisele \u00f5igusele. See on tema s\u00f5nul omakorda pannud v\u00e4iksemad riigid \u00fcle maailma keerulisse olukorda.<\/p>\n","protected":false},"excerpt":{"rendered":"Euroopa Liidu v\u00e4lisasjade k\u00f5rge esindaja Kaja Kallas r\u00e4\u00e4kis Kuku saates \u00abSihik\u00bb nii Venezuelas toimunust, sanktsioonidest, kuid ka suhetest&hellip;\n","protected":false},"author":2,"featured_media":79216,"comment_status":"","ping_status":"","sticky":false,"template":"","format":"standard","meta":{"footnotes":""},"categories":[80],"tags":[26,27,37,33,35,34,36,31,32,21,1639,28,29,95,19,25,23,24,22,20,30,92,93,94],"class_list":{"0":"post-79215","1":"post","2":"type-post","3":"status-publish","4":"format-standard","5":"has-post-thumbnail","7":"category-maailm","8":"tag-breaking-news","9":"tag-breakingnews","10":"tag-ee","11":"tag-eesti","12":"tag-eesti-keel","13":"tag-estonia","14":"tag-estonian","15":"tag-featured-news","16":"tag-featurednews","17":"tag-headlines","18":"tag-kaja-kallas","19":"tag-latest-news","20":"tag-latestnews","21":"tag-maailm","22":"tag-news","23":"tag-populaarseimad-lood","24":"tag-top-stories","25":"tag-topstories","26":"tag-uldised-uudised","27":"tag-uudised","28":"tag-viimased-uudised","29":"tag-world","30":"tag-world-news","31":"tag-worldnews"},"share_on_mastodon":{"url":"https:\/\/pubeurope.com\/@ee\/115848204973046388","error":""},"_links":{"self":[{"href":"https:\/\/www.europesays.com\/ee\/wp-json\/wp\/v2\/posts\/79215","targetHints":{"allow":["GET"]}}],"collection":[{"href":"https:\/\/www.europesays.com\/ee\/wp-json\/wp\/v2\/posts"}],"about":[{"href":"https:\/\/www.europesays.com\/ee\/wp-json\/wp\/v2\/types\/post"}],"author":[{"embeddable":true,"href":"https:\/\/www.europesays.com\/ee\/wp-json\/wp\/v2\/users\/2"}],"replies":[{"embeddable":true,"href":"https:\/\/www.europesays.com\/ee\/wp-json\/wp\/v2\/comments?post=79215"}],"version-history":[{"count":0,"href":"https:\/\/www.europesays.com\/ee\/wp-json\/wp\/v2\/posts\/79215\/revisions"}],"wp:featuredmedia":[{"embeddable":true,"href":"https:\/\/www.europesays.com\/ee\/wp-json\/wp\/v2\/media\/79216"}],"wp:attachment":[{"href":"https:\/\/www.europesays.com\/ee\/wp-json\/wp\/v2\/media?parent=79215"}],"wp:term":[{"taxonomy":"category","embeddable":true,"href":"https:\/\/www.europesays.com\/ee\/wp-json\/wp\/v2\/categories?post=79215"},{"taxonomy":"post_tag","embeddable":true,"href":"https:\/\/www.europesays.com\/ee\/wp-json\/wp\/v2\/tags?post=79215"}],"curies":[{"name":"wp","href":"https:\/\/api.w.org\/{rel}","templated":true}]}}