{"id":79217,"date":"2026-01-06T12:41:07","date_gmt":"2026-01-06T12:41:07","guid":{"rendered":"https:\/\/www.europesays.com\/ee\/79217\/"},"modified":"2026-01-06T12:41:07","modified_gmt":"2026-01-06T12:41:07","slug":"viljandi-vald-sai-poolemiljonilise-eurotoetuse-jaatmejaama-rajamiseks","status":"publish","type":"post","link":"https:\/\/www.europesays.com\/ee\/79217\/","title":{"rendered":"Viljandi vald sai poolemiljonilise eurotoetuse j\u00e4\u00e4tmejaama rajamiseks"},"content":{"rendered":"<p>Viljandi vald andis teada, et Kolga-Jaani alevikku rajatakse j\u00e4\u00e4tmejaam, mis hakkab teenindama kohalikke elanikke ja kogu \u00fcmbruskonda. Esimene seesugune jaam rajati neli aastat tagasi Mustlasse.\u00a0<\/p>\n<p>Viljandi vald sai projekti elluviimiseks raha\u00a0keskkonnainvesteeringute keskuse korraldatud taotlusvoorust &#8220;J\u00e4\u00e4tmete liigiti kogumise taristu arendamine&#8221;, mida rahastatakse Euroopa Liidu \u00dchtekuuluvusfondi vahenditest.<\/p>\n","protected":false},"excerpt":{"rendered":"Viljandi vald andis teada, et Kolga-Jaani alevikku rajatakse j\u00e4\u00e4tmejaam, mis hakkab teenindama kohalikke elanikke ja kogu \u00fcmbruskonda. Esimene&hellip;\n","protected":false},"author":2,"featured_media":79218,"comment_status":"","ping_status":"","sticky":false,"template":"","format":"standard","meta":{"footnotes":"","_share_on_mastodon":"0"},"categories":[12],"tags":[10367,26,27,37,33,35,34,36,590,31,32,21,9897,39660,28,29,8453,19,25,18006,23,24,22,20,30,39661,1775],"class_list":["post-79217","post","type-post","status-publish","format-standard","has-post-thumbnail","category-eesti","tag-alar-karu","tag-breaking-news","tag-breakingnews","tag-ee","tag-eesti","tag-eesti-keel","tag-estonia","tag-estonian","tag-euroopa-liit","tag-featured-news","tag-featurednews","tag-headlines","tag-jaatmejaam","tag-kolga-jaani","tag-latest-news","tag-latestnews","tag-mustla","tag-news","tag-populaarseimad-lood","tag-rahastus","tag-top-stories","tag-topstories","tag-uldised-uudised","tag-uudised","tag-viimased-uudised","tag-viljandi-jaatmejaam","tag-viljandi-vald"],"share_on_mastodon":{"url":"https:\/\/pubeurope.com\/@ee\/115848208963734599","error":""},"_links":{"self":[{"href":"https:\/\/www.europesays.com\/ee\/wp-json\/wp\/v2\/posts\/79217","targetHints":{"allow":["GET"]}}],"collection":[{"href":"https:\/\/www.europesays.com\/ee\/wp-json\/wp\/v2\/posts"}],"about":[{"href":"https:\/\/www.europesays.com\/ee\/wp-json\/wp\/v2\/types\/post"}],"author":[{"embeddable":true,"href":"https:\/\/www.europesays.com\/ee\/wp-json\/wp\/v2\/users\/2"}],"replies":[{"embeddable":true,"href":"https:\/\/www.europesays.com\/ee\/wp-json\/wp\/v2\/comments?post=79217"}],"version-history":[{"count":0,"href":"https:\/\/www.europesays.com\/ee\/wp-json\/wp\/v2\/posts\/79217\/revisions"}],"wp:featuredmedia":[{"embeddable":true,"href":"https:\/\/www.europesays.com\/ee\/wp-json\/wp\/v2\/media\/79218"}],"wp:attachment":[{"href":"https:\/\/www.europesays.com\/ee\/wp-json\/wp\/v2\/media?parent=79217"}],"wp:term":[{"taxonomy":"category","embeddable":true,"href":"https:\/\/www.europesays.com\/ee\/wp-json\/wp\/v2\/categories?post=79217"},{"taxonomy":"post_tag","embeddable":true,"href":"https:\/\/www.europesays.com\/ee\/wp-json\/wp\/v2\/tags?post=79217"}],"curies":[{"name":"wp","href":"https:\/\/api.w.org\/{rel}","templated":true}]}}