{"id":79661,"date":"2026-01-07T05:22:07","date_gmt":"2026-01-07T05:22:07","guid":{"rendered":"https:\/\/www.europesays.com\/ee\/79661\/"},"modified":"2026-01-07T05:22:07","modified_gmt":"2026-01-07T05:22:07","slug":"laskesuusatamise-mk-etapp-toob-tartu-lennujaama-erakordsed-tsarterlennud","status":"publish","type":"post","link":"https:\/\/www.europesays.com\/ee\/79661\/","title":{"rendered":"Laskesuusatamise MK-etapp toob Tartu lennujaama erakordsed t\u0161arterlennud"},"content":{"rendered":"<p>P\u00e4rast kolmeaastast pausi toimub m\u00e4rtsis Otep\u00e4\u00e4l taas laskesuusatamise MK-etapp. Et maailma paremik j\u00f5uaks mugavalt L\u00f5una-Eestisse, on rahvusvaheline suusaliit (IBU) korraldanud spetsiaalsed t\u0161arterlennud Tartu lennujaama.<\/p>\n<p>P\u00e4rast koroonapandeemia puhkemist k\u00fcmnendivahetuse ajal j\u00e4id paljudel spordialadel v\u00f5istlused \u00e4ra. IBU otsustas j\u00e4tkata v\u00f5istlustega ning laskesuusatamise MK-etapid toimusid toona ilma pealtvaatajateta.<\/p>\n","protected":false},"excerpt":{"rendered":"P\u00e4rast kolmeaastast pausi toimub m\u00e4rtsis Otep\u00e4\u00e4l taas laskesuusatamise MK-etapp. Et maailma paremik j\u00f5uaks mugavalt L\u00f5una-Eestisse, on rahvusvaheline suusaliit&hellip;\n","protected":false},"author":2,"featured_media":79662,"comment_status":"","ping_status":"","sticky":false,"template":"","format":"standard","meta":{"footnotes":"","_share_on_mastodon":"0"},"categories":[18],"tags":[37,33,35,22218,34,36,39842,159,158,9089,39843],"class_list":["post-79661","post","type-post","status-publish","format-standard","has-post-thumbnail","category-sport","tag-ee","tag-eesti","tag-eesti-keel","tag-elsf","tag-estonia","tag-estonian","tag-otepaa-laskesuusatamise-mk-etapp","tag-sport","tag-sports","tag-tarmo-karsna","tag-tartu-lennujaam"],"share_on_mastodon":{"url":"https:\/\/pubeurope.com\/@ee\/115852145035661617","error":""},"_links":{"self":[{"href":"https:\/\/www.europesays.com\/ee\/wp-json\/wp\/v2\/posts\/79661","targetHints":{"allow":["GET"]}}],"collection":[{"href":"https:\/\/www.europesays.com\/ee\/wp-json\/wp\/v2\/posts"}],"about":[{"href":"https:\/\/www.europesays.com\/ee\/wp-json\/wp\/v2\/types\/post"}],"author":[{"embeddable":true,"href":"https:\/\/www.europesays.com\/ee\/wp-json\/wp\/v2\/users\/2"}],"replies":[{"embeddable":true,"href":"https:\/\/www.europesays.com\/ee\/wp-json\/wp\/v2\/comments?post=79661"}],"version-history":[{"count":0,"href":"https:\/\/www.europesays.com\/ee\/wp-json\/wp\/v2\/posts\/79661\/revisions"}],"wp:featuredmedia":[{"embeddable":true,"href":"https:\/\/www.europesays.com\/ee\/wp-json\/wp\/v2\/media\/79662"}],"wp:attachment":[{"href":"https:\/\/www.europesays.com\/ee\/wp-json\/wp\/v2\/media?parent=79661"}],"wp:term":[{"taxonomy":"category","embeddable":true,"href":"https:\/\/www.europesays.com\/ee\/wp-json\/wp\/v2\/categories?post=79661"},{"taxonomy":"post_tag","embeddable":true,"href":"https:\/\/www.europesays.com\/ee\/wp-json\/wp\/v2\/tags?post=79661"}],"curies":[{"name":"wp","href":"https:\/\/api.w.org\/{rel}","templated":true}]}}