{"id":79850,"date":"2026-01-07T10:09:07","date_gmt":"2026-01-07T10:09:07","guid":{"rendered":"https:\/\/www.europesays.com\/ee\/79850\/"},"modified":"2026-01-07T10:09:07","modified_gmt":"2026-01-07T10:09:07","slug":"parempoolsed-soovivad-alampalga-kaotamist-eesti","status":"publish","type":"post","link":"https:\/\/www.europesays.com\/ee\/79850\/","title":{"rendered":"Parempoolsed soovivad alampalga kaotamist | Eesti"},"content":{"rendered":"<p>Parlamendiv\u00e4line erakond Parempoolsed leiab, et iga-aastase alampalga kokkuleppimise asemel tuleks selle riiklik m\u00e4\u00e4ramine hoopis l\u00f5petada.<\/p>\n<p>Parempoolsete aseesimees Siim Kiisler teatas, et praegune s\u00fcsteem surub t\u00f6\u00f6turult v\u00e4lja suure hulga inimesi, kes vabamate reeglite korral t\u00f6\u00f6d leiaksid.<\/p>\n<p>&#8220;Paradoksaalsel viisil teeb praegune miinimumpalga n\u00f5ue k\u00f5ige rohkem liiga just k\u00f5ige raskemas olukorras olevatele inimestele, kelle aitamisega selle m\u00e4\u00e4ramist tavaliselt p\u00f5hjendatakse,&#8221; \u00fctles Kiisler.<\/p>\n<p>Kiisleri arvates on alampalga n\u00f5ue sisuliselt \u00fchiskonna k\u00f5ige n\u00f5rgemas positsioonis olevat osa diskrimineeriv reegel, mis keelab t\u00f6\u00f6andjal palgata neid, kelle oskuste eest ei ole v\u00f5imalik maksta v\u00e4hemalt riiklikult ette kirjutatud summat.<\/p>\n<p>&#8220;Ilusal eesm\u00e4rgil loodud reegel annab tegelikkuses risti vastupidise tulemuse. Just k\u00f5ige haavatavamad inimesed, v\u00e4hese kogemuse v\u00f5i madalama t\u00f6\u00f6v\u00f5imega t\u00f6\u00f6tajad, t\u00f5rjutakse t\u00f6\u00f6turult v\u00e4lja.&#8221;<\/p>\n<p>Kui Eestis alampalka ei oleks, leiaks Kiisleri hinnangul m\u00e4rksa rohkem inimesi endale j\u00f5ukohase ja seadusliku t\u00f6\u00f6. See t\u00e4hendaks rohkem maksumaksjaid, v\u00e4hem \u00fcmbrikupalka ja rohkem v\u00e4\u00e4rikust neile, kes tahavad ja suudavad t\u00f6\u00f6tada.<\/p>\n<p>&#8220;Mida rohkem t\u00f6\u00f6d \u00fchiskonnas tehakse, seda rikkamad oleme me k\u00f5ik keskmiselt, kogu \u00fchiskond v\u00f5idab,&#8221; r\u00f5hutas ta.<\/p>\n<p>Alampalga s\u00fcsteemi \u00fcks suuremaid puudusi on Kiisleri s\u00f5nul ka asjaolu, et see ei arvesta regionaalseid erinevusi: Tallinna s\u00fcdalinnas ja \u00e4\u00e4remaa vallas kehtib sama n\u00f5ue. Ka ei tee reegel vahet, kas tegemist on t\u00f6\u00f6kogemuseta noorega v\u00f5i n\u00e4iteks pension\u00e4riga, kes tahab natuke lisa teenida, v\u00f5i hoopis inimesega, kes tervislikel p\u00f5hjustel soovib t\u00f6\u00f6tada v\u00e4iksema koormusega.<\/p>\n<p>&#8220;See l\u00e4henemine, kus k\u00f5ik inimesed surutakse \u00fchtlaseks massiks, ei ole kuidagi p\u00f5hjendatud,&#8221; m\u00e4rkis Kiisler. Kui inimene tahab t\u00f6\u00f6tada just sellise koormuse ja tasu eest, mis talle sobib, ei tohiks riik kunstliku palgapiiranguga sekkuda. &#8220;Alati on k\u00f5ige parem, kui inimesed lepivad ise omavahel kokku,&#8221; lisas Kiisler.<\/p>\n<p>T\u00f6\u00f6andjate keskliidu arvates v\u00f5iks alampalk t\u00f5usta Eesti Panga prognoositud keskmise palgakasvu ehk 5,1 protsendi v\u00f5rra, samas kui ameti\u00fchingute keskliit soovib selle kasvu 11,8 protsendi v\u00f5rra ehk 991 euroni.<\/p>\n<p>Kuna ameti\u00fchingud ja t\u00f6\u00f6andjad ei suutnud m\u00f6\u00f6dunud s\u00fcgisel omavahel kokkuleppele j\u00f5uda, j\u00e4tkusid l\u00e4bir\u00e4\u00e4kimised riikliku lepitaja Meelis Virkebau juures, kes 6. jaanuariks kompromissettepaneku esitas.<\/p>\n<p>Praegu ei soovi ei Virkebau ega kumbki keskliit ettepaneku sisu avalikustada ega seda kommenteerida, kuid oma seisukoha peavad m\u00f5lemad liidud riiklikule lepitajale esitama hiljemalt reedeks.<\/p>\n","protected":false},"excerpt":{"rendered":"Parlamendiv\u00e4line erakond Parempoolsed leiab, et iga-aastase alampalga kokkuleppimise asemel tuleks selle riiklik m\u00e4\u00e4ramine hoopis l\u00f5petada. Parempoolsete aseesimees Siim&hellip;\n","protected":false},"author":2,"featured_media":79851,"comment_status":"","ping_status":"","sticky":false,"template":"","format":"standard","meta":{"footnotes":"","_share_on_mastodon":"0"},"categories":[14],"tags":[5669,131,130,37,33,35,34,36,1059],"class_list":["post-79850","post","type-post","status-publish","format-standard","has-post-thumbnail","category-ari","tag-alampalk","tag-ari","tag-business","tag-ee","tag-eesti","tag-eesti-keel","tag-estonia","tag-estonian","tag-parempoolsed"],"share_on_mastodon":{"url":"https:\/\/pubeurope.com\/@ee\/115853273927695519","error":""},"_links":{"self":[{"href":"https:\/\/www.europesays.com\/ee\/wp-json\/wp\/v2\/posts\/79850","targetHints":{"allow":["GET"]}}],"collection":[{"href":"https:\/\/www.europesays.com\/ee\/wp-json\/wp\/v2\/posts"}],"about":[{"href":"https:\/\/www.europesays.com\/ee\/wp-json\/wp\/v2\/types\/post"}],"author":[{"embeddable":true,"href":"https:\/\/www.europesays.com\/ee\/wp-json\/wp\/v2\/users\/2"}],"replies":[{"embeddable":true,"href":"https:\/\/www.europesays.com\/ee\/wp-json\/wp\/v2\/comments?post=79850"}],"version-history":[{"count":0,"href":"https:\/\/www.europesays.com\/ee\/wp-json\/wp\/v2\/posts\/79850\/revisions"}],"wp:featuredmedia":[{"embeddable":true,"href":"https:\/\/www.europesays.com\/ee\/wp-json\/wp\/v2\/media\/79851"}],"wp:attachment":[{"href":"https:\/\/www.europesays.com\/ee\/wp-json\/wp\/v2\/media?parent=79850"}],"wp:term":[{"taxonomy":"category","embeddable":true,"href":"https:\/\/www.europesays.com\/ee\/wp-json\/wp\/v2\/categories?post=79850"},{"taxonomy":"post_tag","embeddable":true,"href":"https:\/\/www.europesays.com\/ee\/wp-json\/wp\/v2\/tags?post=79850"}],"curies":[{"name":"wp","href":"https:\/\/api.w.org\/{rel}","templated":true}]}}