{"id":7986,"date":"2025-09-30T07:48:07","date_gmt":"2025-09-30T07:48:07","guid":{"rendered":"https:\/\/www.europesays.com\/ee\/7986\/"},"modified":"2025-09-30T07:48:07","modified_gmt":"2025-09-30T07:48:07","slug":"30-september-sundinud-inimese-iseloom","status":"publish","type":"post","link":"https:\/\/www.europesays.com\/ee\/7986\/","title":{"rendered":"30 september s\u00fcndinud inimese iseloom"},"content":{"rendered":"<p>\nFacebook<br \/>\nTwitter\n<\/p>\n<ol start=\"30\" class=\"wp-block-list\">\n<li>september kuulub Kaalude t\u00e4hem\u00e4rgi alla, mis teeb sellest kuup\u00e4evast s\u00fcndinud inimesed loomult harmoonia ja tasakaalu otsijad. Nad on s\u00fcndinud diplomaatideks \u2013 oskavad n\u00e4ha mitut k\u00fclge korraga, tuua inimesi kokku ja leida kompromisse olukordades, kus teised vaidlevad. Nende elu peamine eesm\u00e4rk on luua ilu, rahu ja \u00f5iglust nii enda \u00fcmber kui ka suhetes.<\/li>\n<\/ol>\n<p>Sellel p\u00e4eval s\u00fcndinud inimene on seltsiv, s\u00f5bralik ja kaunis hing, kelle \u00fcmber inimesed tunnevad end turvaliselt. Ta armastab head seltskonda, kauneid asju ja esteetikat \u2013 olgu selleks kunst, muusika, loodus v\u00f5i kaunistatud kodu. Sageli on tal tugev \u00f5iglustunne ning ta ei talu eba\u00f5iglust ei enda ega teiste suhtes.<\/p>\n<p>Tugevused<br \/>30. septembril s\u00fcndinud inimest iseloomustab loomingulisus ja suur empaatiav\u00f5ime. Ta oskab v\u00e4ljendada end nii s\u00f5nades kui ka tegudes ning tema \u0161arm k\u00f6idab teisi kergesti. Ta on hea kuulaja, toetav s\u00f5ber ja partner, kes m\u00e4rkab ka peeneid detaile. Tema loomup\u00e4rane elegants ja rahulik energia aitavad pingeid leevendada ning luua meeldiva \u00f5hkkonna.<\/p>\n<p>N\u00f5rkused<br \/>Kuna Kaalude m\u00e4rgis s\u00fcndinud inimene otsib alati tasakaalu, v\u00f5ib ta vahel muutuda otsustusv\u00f5imetuks. Soov k\u00f5igile meeldida ja v\u00e4ltida konflikte v\u00f5ib panna teda omaenda vajadusi alla suruma. M\u00f5nikord kipub ta ka asjatult kartma vastutust v\u00f5i l\u00fckkama otsuseid edasi, lootes, et olukord laheneb iseenesest. <a href=\"http:\/\/www.janarkeel.eu\" target=\"_blank\" rel=\"noopener nofollow\">Samuti <\/a>v\u00f5ib liigne armastus mugavuse ja ilu vastu muuta ta laisaks v\u00f5i s\u00f5ltuvaks v\u00e4listest naudingutest.<\/p>\n<p>Suhted ja armastus<br \/>Armastuses on 30. septembril s\u00fcndinu romantiline, hell ja t\u00e4helepanelik. Ta otsib partnerit, kes jagab tema v\u00e4\u00e4rtusi ning kellega saab koos luua harmoonilist ja ilusat elu. Ta ei talu t\u00fclisid ega pingeid ning p\u00fc\u00fcab alati suhet hoida rahulikuna, m\u00f5nikord isegi enda arvelt. Ta on lojaalne ja p\u00fchendunud, kuid vajab partnerilt sama palju t\u00e4helepanu ja hellust.<\/p>\n<p>Karj\u00e4\u00e4r ja t\u00f6\u00f6<br \/>T\u00f6\u00f6s paistab ta silma koost\u00f6\u00f6oskuste, loovuse ja inimeste tundmise poolest. Sellest kuup\u00e4evast s\u00fcndinud inimesed sobivad h\u00e4sti t\u00f6\u00f6le, kus on vaja diplomaatilist l\u00e4henemist, l\u00e4bir\u00e4\u00e4kimisoskust v\u00f5i esteetilist silma \u2013 olgu see kunst, disain, \u00f5igusteadus v\u00f5i sotsiaalt\u00f6\u00f6. Neile meeldib olla osa meeskonnast, kuid samas vajavad nad piisavalt vabadust oma ideede v\u00e4ljendamiseks.<\/p>\n<p>Eluenergia ja \u00f5ppetunnid<br \/>30. septembril s\u00fcndinud inimene peab \u00f5ppima, et harmoonia ei t\u00e4henda alati k\u00f5igile meeldimist. Tema suurim elu\u00f5ppetund on julgus teha otsuseid ja j\u00e4\u00e4da kindlaks oma v\u00e4\u00e4rtustele, isegi kui see ei pruugi k\u00f5igile sobida. Kui ta \u00f5pib oma sisemist tasakaalu hoidma ja usaldama oma sisetunnet, on tal v\u00f5ime elada v\u00e4ga t\u00e4isv\u00e4\u00e4rtuslik ja inspireeriv elu.<\/p>\n<p>Toimetas Janar Keel<\/p>\n<p>\nFacebook<br \/>\nTwitter\n<\/p>\n<p>\t\tContinue Reading<\/p>\n","protected":false},"excerpt":{"rendered":"Facebook Twitter september kuulub Kaalude t\u00e4hem\u00e4rgi alla, mis teeb sellest kuup\u00e4evast s\u00fcndinud inimesed loomult harmoonia ja tasakaalu otsijad.&hellip;\n","protected":false},"author":2,"featured_media":368,"comment_status":"","ping_status":"","sticky":false,"template":"","format":"standard","meta":{"footnotes":"","_share_on_mastodon":"0"},"categories":[16],"tags":[37,33,35,173,34,36,602,140],"class_list":["post-7986","post","type-post","status-publish","format-standard","has-post-thumbnail","category-meelelahutus","tag-ee","tag-eesti","tag-eesti-keel","tag-entertainment","tag-estonia","tag-estonian","tag-iseloom","tag-meelelahutus"],"share_on_mastodon":{"url":"","error":""},"_links":{"self":[{"href":"https:\/\/www.europesays.com\/ee\/wp-json\/wp\/v2\/posts\/7986","targetHints":{"allow":["GET"]}}],"collection":[{"href":"https:\/\/www.europesays.com\/ee\/wp-json\/wp\/v2\/posts"}],"about":[{"href":"https:\/\/www.europesays.com\/ee\/wp-json\/wp\/v2\/types\/post"}],"author":[{"embeddable":true,"href":"https:\/\/www.europesays.com\/ee\/wp-json\/wp\/v2\/users\/2"}],"replies":[{"embeddable":true,"href":"https:\/\/www.europesays.com\/ee\/wp-json\/wp\/v2\/comments?post=7986"}],"version-history":[{"count":0,"href":"https:\/\/www.europesays.com\/ee\/wp-json\/wp\/v2\/posts\/7986\/revisions"}],"wp:featuredmedia":[{"embeddable":true,"href":"https:\/\/www.europesays.com\/ee\/wp-json\/wp\/v2\/media\/368"}],"wp:attachment":[{"href":"https:\/\/www.europesays.com\/ee\/wp-json\/wp\/v2\/media?parent=7986"}],"wp:term":[{"taxonomy":"category","embeddable":true,"href":"https:\/\/www.europesays.com\/ee\/wp-json\/wp\/v2\/categories?post=7986"},{"taxonomy":"post_tag","embeddable":true,"href":"https:\/\/www.europesays.com\/ee\/wp-json\/wp\/v2\/tags?post=7986"}],"curies":[{"name":"wp","href":"https:\/\/api.w.org\/{rel}","templated":true}]}}