{"id":80172,"date":"2026-01-07T17:08:10","date_gmt":"2026-01-07T17:08:10","guid":{"rendered":"https:\/\/www.europesays.com\/ee\/80172\/"},"modified":"2026-01-07T17:08:10","modified_gmt":"2026-01-07T17:08:10","slug":"briti-rattaass-simon-yates-lopetas-ootamatult-sportlaskarjaari","status":"publish","type":"post","link":"https:\/\/www.europesays.com\/ee\/80172\/","title":{"rendered":"Briti ratta\u00e4ss Simon Yates l\u00f5petas ootamatult sportlaskarj\u00e4\u00e4ri"},"content":{"rendered":"<p>\u201eSee v\u00f5ib paljudele \u00fcllatusena tulla, aga see pole otsus, mille ma kergek\u00e4eliselt tegin,\u201c seisab 33-aastase Yatesi t\u00e4nases pressiavalduses.<\/p>\n<p>\u201eOlen \u200b\u200bsellele pikalt m\u00f5elnud ja n\u00fc\u00fcd tundub, et on \u00f5ige hetk profispordist eemalduda.\u201c <\/p>\n<p>Yates t\u00e4nas \u00fchtlasi oma t\u00f6\u00f6andjat Visma-Lease a Bike`i \u201em\u00f5istva suhtumise ja toetuse eest\u201c. <\/p>\n<p>\u201eTe andsite mulle v\u00f5imaluse oma ajalugu \u00fcmber kirjutada ning me tegime seda l\u00e4bi usalduse ja usu k\u00f5ik koos,\u201c tunnustas Yates oma koduklubi.<\/p>\n<p>Visma-Lease a Bike`i juht Grischa Niermann lisas omalt poolt: \u201eGiro d\u2019Italia v\u00f5itmine oli eelmise hooaja \u00fcks peamisi eesm\u00e4rke nii meie meeskonna jaoks kui ka Simonile isiklikult. See, et ta v\u00f5itis ka etapi <a rel=\"noopener nofollow\" target=\"_blank\" href=\"https:\/\/www.delfi.ee\/teema\/56817878\/tour-de-france\" tag-id=\"56817878\">Tour de France<\/a>\u2019il, n\u00e4itab tema klassi. On kahju, et ta n\u00fc\u00fcd l\u00f5petab, aga ta teeb seda absoluutses tipus olles.\u201c<\/p>\n<p>Lisaks Itaalia velotuuri v\u00f5idule saavutas Yates teise suurtuuri v\u00f5idu 2018. aastal Hispaania velotuuril.<\/p>\n<p>Yates teenis profiv\u00f5istlustel \u00fcle kolmek\u00fcmne v\u00f5idu, sealhulgas \u00fcksteist suurtuuri etapiv\u00f5itu, neist kuus Giro d\u2019Italial, kolm Tour de France\u2019il ja kaks <a rel=\"noopener nofollow\" target=\"_blank\" href=\"https:\/\/www.delfi.ee\/teema\/96856852\/vuelta-1\" tag-id=\"96856852\">Vueltal<\/a>.<\/p>\n<p>Kuidas see lugu Sind end tundma pani? Saada <a href=\"https:\/\/sport.delfi.ee\/artikkel\/120427988\/briti-rattaass-simon-yates-lopetas-ootamatult-sportlaskarjaari\/kommentaarid\" class=\"article-body-bottom__comment article-body-bottom__comment--write button button--primary button--size-auto\" rel=\"nofollow noopener\" target=\"_blank\"> Kommenteeri <\/a><a href=\"https:\/\/sport.delfi.ee\/artikkel\/120427988\/briti-rattaass-simon-yates-lopetas-ootamatult-sportlaskarjaari\/kommentaarid\" class=\"article-body-bottom__comment article-body-bottom__comment--read button button--size-auto\" rel=\"nofollow noopener\" target=\"_blank\"> Loe kommentaare <\/a><\/p>\n","protected":false},"excerpt":{"rendered":"\u201eSee v\u00f5ib paljudele \u00fcllatusena tulla, aga see pole otsus, mille ma kergek\u00e4eliselt tegin,\u201c seisab 33-aastase Yatesi t\u00e4nases pressiavalduses.&hellip;\n","protected":false},"author":2,"featured_media":80173,"comment_status":"","ping_status":"","sticky":false,"template":"","format":"standard","meta":{"footnotes":"","_share_on_mastodon":"0"},"categories":[18],"tags":[37,33,35,34,36,31668,39994,159,158,31474,2477],"class_list":["post-80172","post","type-post","status-publish","format-standard","has-post-thumbnail","category-sport","tag-ee","tag-eesti","tag-eesti-keel","tag-estonia","tag-estonian","tag-giro-ditalia","tag-simon-yates","tag-sport","tag-sports","tag-tour-de-france","tag-vuelta"],"share_on_mastodon":{"url":"https:\/\/pubeurope.com\/@ee\/115854921084920296","error":""},"_links":{"self":[{"href":"https:\/\/www.europesays.com\/ee\/wp-json\/wp\/v2\/posts\/80172","targetHints":{"allow":["GET"]}}],"collection":[{"href":"https:\/\/www.europesays.com\/ee\/wp-json\/wp\/v2\/posts"}],"about":[{"href":"https:\/\/www.europesays.com\/ee\/wp-json\/wp\/v2\/types\/post"}],"author":[{"embeddable":true,"href":"https:\/\/www.europesays.com\/ee\/wp-json\/wp\/v2\/users\/2"}],"replies":[{"embeddable":true,"href":"https:\/\/www.europesays.com\/ee\/wp-json\/wp\/v2\/comments?post=80172"}],"version-history":[{"count":0,"href":"https:\/\/www.europesays.com\/ee\/wp-json\/wp\/v2\/posts\/80172\/revisions"}],"wp:featuredmedia":[{"embeddable":true,"href":"https:\/\/www.europesays.com\/ee\/wp-json\/wp\/v2\/media\/80173"}],"wp:attachment":[{"href":"https:\/\/www.europesays.com\/ee\/wp-json\/wp\/v2\/media?parent=80172"}],"wp:term":[{"taxonomy":"category","embeddable":true,"href":"https:\/\/www.europesays.com\/ee\/wp-json\/wp\/v2\/categories?post=80172"},{"taxonomy":"post_tag","embeddable":true,"href":"https:\/\/www.europesays.com\/ee\/wp-json\/wp\/v2\/tags?post=80172"}],"curies":[{"name":"wp","href":"https:\/\/api.w.org\/{rel}","templated":true}]}}