{"id":80364,"date":"2026-01-07T22:53:10","date_gmt":"2026-01-07T22:53:10","guid":{"rendered":"https:\/\/www.europesays.com\/ee\/80364\/"},"modified":"2026-01-07T22:53:10","modified_gmt":"2026-01-07T22:53:10","slug":"riigi-kaitseinvesteeringute-keskuse-uueks-peadirektoriks-saab-elmar-vaher-eesti","status":"publish","type":"post","link":"https:\/\/www.europesays.com\/ee\/80364\/","title":{"rendered":"Riigi kaitseinvesteeringute keskuse uueks peadirektoriks saab Elmar Vaher | Eesti"},"content":{"rendered":"<p>Kaitseminister Hanno Pevkur nimetas riigikantselei juures tegutseva tippjuhtide valikukomisjoni ettepanekul riigi kaitseinvesteeringute keskuse (RKIK) uueks peadirektoriks Elmar Vaheri. Vaher osutus valituks avalikul konkursil ning asub ametisse esmasp\u00e4eval.<\/p>\n<p>Kaitseminister Hanno Pevkuri s\u00f5nul on riigi kaitseinvesteeringute keskuse (RKIK) roll ja t\u00f6\u00f6maht viimastel aastatel oluliselt kasvanud.<\/p>\n<p>&#8220;RKIK on t\u00e4na organisatsioon, mis juhib miljarditesse ulatuvaid kaitseinvesteeringuid ning mille meeskond on kiiresti kasvanud. Selles etapis vajab RKIK t\u00f5estatud v\u00f5imekust juhtida suurt organisatsiooni l\u00e4bi muutuste. Riigikantselei tippjuhtide valikukomisjon tegi p\u00f5hjaliku t\u00f6\u00f6 ja esitas Elmar Vaheri kui tugevaima kandidaadi, kellel on pikaajaline kogemus Eesti \u00fche suurima riigiasutuse reformimisel ja juhtimisel,&#8221; \u00fctles Pevkur.<\/p>\n<p>Elmar Vaher t\u00f6\u00f6tas aastatel 2013\u20132023 politsei- ja piirivalveameti peadirektorina, juhtides Eesti \u00fche suurima avaliku sektori organisatsiooni \u00fchendamist ja moderniseerimist. Tal on magistrikraad \u00f5igusteaduses ning ta on l\u00e4binud mitmeid tippjuhtidele suunatud koolitusi.<\/p>\n<p>&#8220;RKIK vastutab otseselt maksumaksja raha kasutamise eest Eesti kaitsev\u00f5ime kasvatamisel. Seet\u00f5ttu on minu eesm\u00e4rk l\u00e4htuda kaitsev\u00e4e vajadustest ja olla usaldusv\u00e4\u00e4rseks partneriks ettev\u00f5tetele. RKIK-il on t\u00e4na hoopis suurem vastutus kui m\u00f5ne aasta eest \u2013 hankeid on rohkem, need on strateegiliselt kaalukamad ja \u00fchiskonna ootused k\u00f5rgemad,&#8221; \u00fctles Elmar Vaher.<\/p>\n<p>&#8220;Ma m\u00f5istan, et minu asumine sellisele vastutusrikkale kohale p\u00e4lvib t\u00e4helepanu. Tippjuhtide komisjoni viis l\u00e4bi p\u00f5hjaliku konkursi, mis annab mulle kindlustunde, et minu senist t\u00f6\u00f6d ja kogemust v\u00e4\u00e4rtustatakse ning olen valmis p\u00fchenduma t\u00e4ielikult Eesti kaitsev\u00f5ime tugevdamisele,&#8221; lisas Vaher.<\/p>\n<p>RKIK on 2017. aastal loodud asutus, mis viib l\u00e4bi kaitseministeeriumi valitsemisala hankeid ja arendab taristut. Keskuse eesm\u00e4rk on tagada Eesti kaitsev\u00f5ime arendamiseks m\u00f5eldud vahendite v\u00f5imalikult t\u00f5hus ja l\u00e4bipaistev kasutus.<\/p>\n<p>Eelmise n\u00e4dala reedel sai l\u00f5pu pikalt kestnud kohtuasi, kui riigikohus j\u00e4ttis muutmata endiste politseijuhtide Eerik Heldna, Elmar Vaheri ja Aivar Alavere \u00f5igeksm\u00f5istmise kriminaalasjas, mis puudutas Heldnale politseipensioni m\u00e4\u00e4ramist.<\/p>\n<p>16. juunil v\u00e4lja kuulutatud esimene avalik konkurss uue RKIK-i juhi leidmiseks kukkus l\u00e4bi. Kuigi seitsmest kandidaadist p\u00e4\u00e4sesid vestlusvooru kolm inimest, ei leidnud komisjon nende seast sobivat kandidaati.<\/p>\n<p>Kaitseministeeriumi kantsler Kaimo Kuusk selgitas toona, et konkursi nurjumise p\u00f5hjustasid kandidaadile esitatud segased n\u00f5uded.<\/p>\n<p>Suve l\u00f5pus kuulutas riigikantselei tippjuhtide kompetentsikeskus v\u00e4lja uue konkursi. Uuel konkursil kandideeris RKIK-i peadirektori ametisse 16 inimest.<\/p>\n<p>RKIK-i endine peadirektor Magnus-Valdemar Saar teatas juunis, et lahkub ametist. Tema viimane t\u00f6\u00f6p\u00e4ev oli 15. juulil. Kaitseinvesteeringute keskuse peadirektori ametiaeg kestab viis aastat.<\/p>\n","protected":false},"excerpt":{"rendered":"Kaitseminister Hanno Pevkur nimetas riigikantselei juures tegutseva tippjuhtide valikukomisjoni ettepanekul riigi kaitseinvesteeringute keskuse (RKIK) uueks peadirektoriks Elmar Vaheri.&hellip;\n","protected":false},"author":2,"featured_media":80047,"comment_status":"","ping_status":"","sticky":false,"template":"","format":"standard","meta":{"footnotes":""},"categories":[12],"tags":[26,27,37,33,35,30075,34,36,31,32,492,21,28,29,19,25,6425,5360,23,24,22,20,30],"class_list":{"0":"post-80364","1":"post","2":"type-post","3":"status-publish","4":"format-standard","5":"has-post-thumbnail","7":"category-eesti","8":"tag-breaking-news","9":"tag-breakingnews","10":"tag-ee","11":"tag-eesti","12":"tag-eesti-keel","13":"tag-elmar-vaher","14":"tag-estonia","15":"tag-estonian","16":"tag-featured-news","17":"tag-featurednews","18":"tag-hanno-pevkur","19":"tag-headlines","20":"tag-latest-news","21":"tag-latestnews","22":"tag-news","23":"tag-populaarseimad-lood","24":"tag-riigi-kaitseinvesteeringute-keskus","25":"tag-rkik","26":"tag-top-stories","27":"tag-topstories","28":"tag-uldised-uudised","29":"tag-uudised","30":"tag-viimased-uudised"},"share_on_mastodon":{"url":"https:\/\/pubeurope.com\/@ee\/115856277713337448","error":""},"_links":{"self":[{"href":"https:\/\/www.europesays.com\/ee\/wp-json\/wp\/v2\/posts\/80364","targetHints":{"allow":["GET"]}}],"collection":[{"href":"https:\/\/www.europesays.com\/ee\/wp-json\/wp\/v2\/posts"}],"about":[{"href":"https:\/\/www.europesays.com\/ee\/wp-json\/wp\/v2\/types\/post"}],"author":[{"embeddable":true,"href":"https:\/\/www.europesays.com\/ee\/wp-json\/wp\/v2\/users\/2"}],"replies":[{"embeddable":true,"href":"https:\/\/www.europesays.com\/ee\/wp-json\/wp\/v2\/comments?post=80364"}],"version-history":[{"count":0,"href":"https:\/\/www.europesays.com\/ee\/wp-json\/wp\/v2\/posts\/80364\/revisions"}],"wp:featuredmedia":[{"embeddable":true,"href":"https:\/\/www.europesays.com\/ee\/wp-json\/wp\/v2\/media\/80047"}],"wp:attachment":[{"href":"https:\/\/www.europesays.com\/ee\/wp-json\/wp\/v2\/media?parent=80364"}],"wp:term":[{"taxonomy":"category","embeddable":true,"href":"https:\/\/www.europesays.com\/ee\/wp-json\/wp\/v2\/categories?post=80364"},{"taxonomy":"post_tag","embeddable":true,"href":"https:\/\/www.europesays.com\/ee\/wp-json\/wp\/v2\/tags?post=80364"}],"curies":[{"name":"wp","href":"https:\/\/api.w.org\/{rel}","templated":true}]}}