{"id":80621,"date":"2026-01-08T09:20:07","date_gmt":"2026-01-08T09:20:07","guid":{"rendered":"https:\/\/www.europesays.com\/ee\/80621\/"},"modified":"2026-01-08T09:20:07","modified_gmt":"2026-01-08T09:20:07","slug":"venezuela-siseminister-teatas-et-usa-runnaku-kaigus-hukkus-sada-inimest","status":"publish","type":"post","link":"https:\/\/www.europesays.com\/ee\/80621\/","title":{"rendered":"Venezuela siseminister teatas, et USA r\u00fcnnaku k\u00e4igus hukkus sada inimest"},"content":{"rendered":"<p><a rel=\"noopener nofollow\" target=\"_blank\" href=\"https:\/\/www.delfi.ee\/teema\/23813173\/caracas\" tag-id=\"23813173\">Caracas<\/a> ei ole varem hukkunute koguarvu teatanud, aga armee postitas 23 hukkunu nimekirja. Venezuela ametiisikud on \u00f6elnud, et suur osa Maduro ihukaitsjatest tapeti \u201ek\u00fclmavereliselt\u201c, ja <a rel=\"noopener nofollow\" target=\"_blank\" href=\"https:\/\/www.delfi.ee\/teema\/56815020\/kuuba\" tag-id=\"56815020\">Kuuba<\/a> on teatanud, et Venezuelas hukkus 32 Kuuba s\u00f5jav\u00e4elast ja luuret\u00f6\u00f6tajat, vahendab Reuters.<\/p>\n<p>Cabello lisas, et samuti vahistatud Maduro naine Cilia Flores sai peavigastuse ja Maduro ise jalavigastuse.<\/p>\n<p>Venezuela ajutine president <a rel=\"noopener nofollow\" target=\"_blank\" href=\"https:\/\/www.delfi.ee\/teema\/96882239\/delcy-rodriguez\" tag-id=\"96882239\">Delcy Rodr\u00edguez<\/a>, keda Cabello nimetas oma igan\u00e4dalases saates riigitelevisioonis vapraks, kuulutas teisip\u00e4eval v\u00e4lja n\u00e4dalase leina hukkunute m\u00e4lestuseks.<\/p>\n<p>Kuidas see lugu Sind end tundma pani? Saada <a href=\"https:\/\/www.delfi.ee\/artikkel\/120428094\/venezuela-siseminister-teatas-et-usa-runnaku-kaigus-hukkus-sada-inimest\/kommentaarid\" class=\"article-body-bottom__comment article-body-bottom__comment--write button button--primary button--size-auto\" rel=\"nofollow noopener\" target=\"_blank\"> Kommenteeri <\/a><a href=\"https:\/\/www.delfi.ee\/artikkel\/120428094\/venezuela-siseminister-teatas-et-usa-runnaku-kaigus-hukkus-sada-inimest\/kommentaarid\" class=\"article-body-bottom__comment article-body-bottom__comment--read button button--size-auto\" rel=\"nofollow noopener\" target=\"_blank\"> Loe kommentaare (7)<\/a><\/p>\n","protected":false},"excerpt":{"rendered":"Caracas ei ole varem hukkunute koguarvu teatanud, aga armee postitas 23 hukkunu nimekirja. Venezuela ametiisikud on \u00f6elnud, et&hellip;\n","protected":false},"author":2,"featured_media":80622,"comment_status":"","ping_status":"","sticky":false,"template":"","format":"standard","meta":{"footnotes":""},"categories":[80],"tags":[26,27,15987,39266,37,33,35,34,36,31,32,21,3345,28,29,95,19,6782,25,23,24,22,325,20,3344,30,92,93,94],"class_list":{"0":"post-80621","1":"post","2":"type-post","3":"status-publish","4":"format-standard","5":"has-post-thumbnail","7":"category-maailm","8":"tag-breaking-news","9":"tag-breakingnews","10":"tag-caracas","11":"tag-delcy-rodriguez","12":"tag-ee","13":"tag-eesti","14":"tag-eesti-keel","15":"tag-estonia","16":"tag-estonian","17":"tag-featured-news","18":"tag-featurednews","19":"tag-headlines","20":"tag-kuuba","21":"tag-latest-news","22":"tag-latestnews","23":"tag-maailm","24":"tag-news","25":"tag-nicolas-maduro","26":"tag-populaarseimad-lood","27":"tag-top-stories","28":"tag-topstories","29":"tag-uldised-uudised","30":"tag-usa","31":"tag-uudised","32":"tag-venezuela","33":"tag-viimased-uudised","34":"tag-world","35":"tag-world-news","36":"tag-worldnews"},"share_on_mastodon":{"url":"https:\/\/pubeurope.com\/@ee\/115858743274032137","error":""},"_links":{"self":[{"href":"https:\/\/www.europesays.com\/ee\/wp-json\/wp\/v2\/posts\/80621","targetHints":{"allow":["GET"]}}],"collection":[{"href":"https:\/\/www.europesays.com\/ee\/wp-json\/wp\/v2\/posts"}],"about":[{"href":"https:\/\/www.europesays.com\/ee\/wp-json\/wp\/v2\/types\/post"}],"author":[{"embeddable":true,"href":"https:\/\/www.europesays.com\/ee\/wp-json\/wp\/v2\/users\/2"}],"replies":[{"embeddable":true,"href":"https:\/\/www.europesays.com\/ee\/wp-json\/wp\/v2\/comments?post=80621"}],"version-history":[{"count":0,"href":"https:\/\/www.europesays.com\/ee\/wp-json\/wp\/v2\/posts\/80621\/revisions"}],"wp:featuredmedia":[{"embeddable":true,"href":"https:\/\/www.europesays.com\/ee\/wp-json\/wp\/v2\/media\/80622"}],"wp:attachment":[{"href":"https:\/\/www.europesays.com\/ee\/wp-json\/wp\/v2\/media?parent=80621"}],"wp:term":[{"taxonomy":"category","embeddable":true,"href":"https:\/\/www.europesays.com\/ee\/wp-json\/wp\/v2\/categories?post=80621"},{"taxonomy":"post_tag","embeddable":true,"href":"https:\/\/www.europesays.com\/ee\/wp-json\/wp\/v2\/tags?post=80621"}],"curies":[{"name":"wp","href":"https:\/\/api.w.org\/{rel}","templated":true}]}}