{"id":80742,"date":"2026-01-08T11:47:25","date_gmt":"2026-01-08T11:47:25","guid":{"rendered":"https:\/\/www.europesays.com\/ee\/80742\/"},"modified":"2026-01-08T11:47:25","modified_gmt":"2026-01-08T11:47:25","slug":"ilmaprognoos-talv-naitab-oma-hambaid-veelgi-oodata-on-kova-pakast-maaleht","status":"publish","type":"post","link":"https:\/\/www.europesays.com\/ee\/80742\/","title":{"rendered":"ILMAPROGNOOS | Talv n\u00e4itab oma hambaid veelgi, oodata on k\u00f5va pakast &#8211; Maaleht"},"content":{"rendered":"<ol>\n<li><a href=\"https:\/\/news.google.com\/rss\/articles\/CBMirgFBVV95cUxNV1haN3R6eThRTFNMcFNCTUNvYTdqcHhOMHZOM2l5c1NsYVhlNUxxTUNwZ2V5UXZPVFJpSmgtWEUwYmdPNm5fXzVrcHlkYU5aaHBOOHhZTHdnSHFpR29xLW1IdW5kYjNraHRLN3Nza1pJdzRsa25VNkZSNEwxUkVkclpSbGE2aDF1c2ZHWWw5Y1NibkswMzdORm1wY3IyeS1tSVlIZG9kRzZ0aEU5ekE?oc=5\" target=\"_blank\" rel=\"nofollow noopener\">ILMAPROGNOOS | Talv n\u00e4itab oma hambaid veelgi, oodata on k\u00f5va pakast<\/a>&nbsp;&nbsp;Maaleht<\/li>\n<li><a href=\"https:\/\/news.google.com\/rss\/articles\/CBMibEFVX3lxTE5HZk5TVHQwZl92RTFGY3EyT0k1ZFJ2bG14dHJidFRrR2dPZE9UWi1qeFVYSi13d21JV1VtLXZpbzZ4bGZCOHZRNUNVaEMxY1doUlBOSHkwcmlkcC1rdE56WEVRS2FsUG5CamY0NA?oc=5\" target=\"_blank\" rel=\"nofollow noopener\">Ilm p\u00fcsib talvine terve n\u00e4dala<\/a>&nbsp;&nbsp;ERR<\/li>\n<li><a href=\"https:\/\/news.google.com\/rss\/articles\/CBMiswFBVV95cUxNR2V6aGg0bFg1ZG00dTFyMlVwSXFNSHZnUExUelIwa0M4VVdISUJYWlZJMVVHbWk1VHNxa0RreEJJbno0SS1qNGxEYmlWbXl1bGVVYW9DbXU3SDNXTmljaXcyT01ERkhPN21aT2p1UF9aYTFIZU51Nlp2RUkzQUhRUVo5SDlNdTI4X2tZZlVYNlpOb3J4cHd4SkJIVTduZEpOay1WS1NYWWI1S2FhaXpvc21GUQ?oc=5\" target=\"_blank\" rel=\"nofollow noopener\">KASUKAD SELGA! Ilm j\u00e4tkab talvist joont, \u00f5hutemperatuur langeb kohati isegi alla -20<\/a>&nbsp;&nbsp;\u00d5htuleht<\/li>\n<li><a href=\"https:\/\/news.google.com\/rss\/articles\/CBMigAFBVV95cUxQMlo5VkxobTRGY3UtSlZxU3cyb1lvZzRfekVpcjcyWTNiV2ZFeGJDejFKZVAwUERxR1ZZZTVpUkw1VnNhNGhNdndseXVvYjdYOWdEd19HNjdTRkNZd2Z4US1KaEV3d1BoZm1KcFd0RVpvZExIQTJPUEZCeU9BaHR5Ug?oc=5\" target=\"_blank\" rel=\"nofollow noopener\">Esmasp\u00e4ev toob igal pool miinuskraade<\/a>&nbsp;&nbsp;Ilmajaam<\/li>\n<li><a href=\"https:\/\/news.google.com\/rss\/articles\/CBMihgFBVV95cUxNam41REFSUmpCM2YwVnZqb04wVHYweDlCX0VpTUhFNXE0UkxsLXVyTnZzb3lEemxRVkRzYUFGTTBTeDRreE9KQUFaR2NtQ0k5aHpLa1ItWWI2eUVDNWN6TDMtUFlCVnZxSW82WFB3NFRfTkFFRl9pUlU3UDBUY2c0NkhpRm9MQQ?oc=5\" target=\"_blank\" rel=\"nofollow noopener\">Tali pole taeva j\u00e4\u00e4nud, aga ka sula pole kaugel<\/a>&nbsp;&nbsp;Postimees<\/li>\n<\/ol>\n","protected":false},"excerpt":{"rendered":"ILMAPROGNOOS | Talv n\u00e4itab oma hambaid veelgi, oodata on k\u00f5va pakast&nbsp;&nbsp;Maaleht Ilm p\u00fcsib talvine terve n\u00e4dala&nbsp;&nbsp;ERR KASUKAD SELGA!&hellip;\n","protected":false},"author":2,"featured_media":80743,"comment_status":"","ping_status":"","sticky":false,"template":"","format":"standard","meta":{"footnotes":"","_share_on_mastodon":"0"},"categories":[5],"tags":[26,27,37,33,35,34,36,31,32,21,7672,28,29,7430,19,18148,25,2578,18389,23,24,22,20,96,30],"class_list":["post-80742","post","type-post","status-publish","format-standard","has-post-thumbnail","category-uldised-uudised","tag-breaking-news","tag-breakingnews","tag-ee","tag-eesti","tag-eesti-keel","tag-estonia","tag-estonian","tag-featured-news","tag-featurednews","tag-headlines","tag-lapimaa","tag-latest-news","tag-latestnews","tag-lorts","tag-news","tag-pakane","tag-populaarseimad-lood","tag-skandinaavia","tag-temperatuur","tag-top-stories","tag-topstories","tag-uldised-uudised","tag-uudised","tag-venemaa","tag-viimased-uudised"],"share_on_mastodon":{"url":"https:\/\/pubeurope.com\/@ee\/115859321177619425","error":""},"_links":{"self":[{"href":"https:\/\/www.europesays.com\/ee\/wp-json\/wp\/v2\/posts\/80742","targetHints":{"allow":["GET"]}}],"collection":[{"href":"https:\/\/www.europesays.com\/ee\/wp-json\/wp\/v2\/posts"}],"about":[{"href":"https:\/\/www.europesays.com\/ee\/wp-json\/wp\/v2\/types\/post"}],"author":[{"embeddable":true,"href":"https:\/\/www.europesays.com\/ee\/wp-json\/wp\/v2\/users\/2"}],"replies":[{"embeddable":true,"href":"https:\/\/www.europesays.com\/ee\/wp-json\/wp\/v2\/comments?post=80742"}],"version-history":[{"count":0,"href":"https:\/\/www.europesays.com\/ee\/wp-json\/wp\/v2\/posts\/80742\/revisions"}],"wp:featuredmedia":[{"embeddable":true,"href":"https:\/\/www.europesays.com\/ee\/wp-json\/wp\/v2\/media\/80743"}],"wp:attachment":[{"href":"https:\/\/www.europesays.com\/ee\/wp-json\/wp\/v2\/media?parent=80742"}],"wp:term":[{"taxonomy":"category","embeddable":true,"href":"https:\/\/www.europesays.com\/ee\/wp-json\/wp\/v2\/categories?post=80742"},{"taxonomy":"post_tag","embeddable":true,"href":"https:\/\/www.europesays.com\/ee\/wp-json\/wp\/v2\/tags?post=80742"}],"curies":[{"name":"wp","href":"https:\/\/api.w.org\/{rel}","templated":true}]}}