{"id":80903,"date":"2026-01-08T15:04:09","date_gmt":"2026-01-08T15:04:09","guid":{"rendered":"https:\/\/www.europesays.com\/ee\/80903\/"},"modified":"2026-01-08T15:04:09","modified_gmt":"2026-01-08T15:04:09","slug":"soomel-on-euroopa-liidu-suurim-tootuse-maar-valismaa","status":"publish","type":"post","link":"https:\/\/www.europesays.com\/ee\/80903\/","title":{"rendered":"Soomel on Euroopa Liidu suurim t\u00f6\u00f6tuse m\u00e4\u00e4r | V\u00e4lismaa"},"content":{"rendered":"<p>Euroopa Liidu riikidest on suurim t\u00f6\u00f6tuse m\u00e4\u00e4r Soomel. Varem esikohta hoidnud Hispaania on endiselt suure t\u00f6\u00f6puudusega riik, kuid langes statistikas Soome j\u00e4rel teisele kohale, kirjutab Yle.<\/p>\n<p>Euroopa Komisjoni statistikaamet Eurostat avaldas neljap\u00e4eval v\u00e4rsked andmed EL-i riikide t\u00f6\u00f6tuse m\u00e4\u00e4ra kohta. Numbrid kajastavad novembrikuu olukorda.<\/p>\n<p>Soome t\u00f6\u00f6tuse m\u00e4\u00e4r oli novembris 10,6 protsenti. Soomele j\u00e4rgnes napilt Hispaania (10,4) ja Rootsi (9,1)<\/p>\n<p>Eesti jagas tabelis seitsmendat kohtu Luksemburgiga \u2013 m\u00f5lema riigi t\u00f6\u00f6tuse m\u00e4\u00e4r oli 6,9 protsenti.<\/p>\n<p>Soome majandusministeeriumi asekantsler Elina Pylkk\u00e4neni s\u00f5nul selgitavad Soome k\u00f5rget t\u00f6\u00f6tusm\u00e4\u00e4ra k\u00e4imasolevad struktuursed muudatused ja soov kasvatada tootlikkust.<\/p>\n<p>&#8220;Tootlikkuse kasvu on p\u00fc\u00fctud saavutada pigem kulude k\u00e4rpimise kui tegevuse laiendamise ja investeeringute kaudu,&#8221; m\u00e4rkis Pylkk\u00e4nen.<\/p>\n<p>Kulude k\u00e4rpimine t\u00e4hendab, et t\u00f6\u00f6tajate arvu on v\u00e4hendatud nii era- kui ka avalikus sektoris.<\/p>\n<p>Viimaste andmete j\u00e4rgi on Soome t\u00f6\u00f6tuse m\u00e4\u00e4r kerkinud viimase 15 aasta k\u00f5rgeimale tasemele.<\/p>\n<p>T\u00f6\u00f6otsijaid on lisandunud<\/p>\n<p>P\u00f5hjamaade t\u00f6\u00f6h\u00f5ive liigub vastupidises suunas L\u00f5una-Euroopale, kus t\u00f6\u00f6puudus on traditsiooniliselt olnud suur. Kui L\u00f5una-Euroopa riikides on t\u00f6\u00f6tuse m\u00e4\u00e4r langenud, siis Soomes ja Rootsis on see t\u00f5usnud.<\/p>\n<p>Ajalooliselt tugeva majandusega Rootsi on samuti j\u00f5udnud samale tasemele kui Soome.<\/p>\n<p>Siiski on Rootsi n\u00e4itajad alates oktoobrist veidi paranenud. Suundumus erineb Soome omast ning novembris suurenes riikidevaheline vahe veelgi.<\/p>\n<p>Saksamaal oli novembris t\u00f6\u00f6tuse n\u00e4itaja vaid 3,8 protsenti.<\/p>\n<p>&#8220;Sisemajanduse koguprodukt kasvab Saksamaal sama vaevaliselt kui Soomes, ometi on sealsed t\u00f6\u00f6tuse numbrid meie omadest tunduvalt madalamad,&#8221; v\u00f5rdles olukorda asekantsler Elina Pylkk\u00e4nen ning lisas, et kehv majanduslik areng Saksamaa ei peegeldu t\u00f6\u00f6tuse m\u00e4\u00e4ras.<\/p>\n<p>Eurostati avaldatud t\u00f6\u00f6tuse m\u00e4\u00e4r n\u00e4itab, kui suur osa 15\u201374-aastasest t\u00f6\u00f6j\u00f5ust on t\u00f6\u00f6ta. Avaldatud numbrid on sesoonselt korrigeeritud, mis t\u00e4hendab, et neist on eemaldatud kuudevahelised k\u00f5ikumised. Sesoonsed k\u00f5ikumised tulenevad t\u00f6\u00f6dest, mida tehakse palju teatud aastaaegadel.<\/p>\n<p>Soome kasvavat t\u00f6\u00f6tusm\u00e4\u00e4ra on osaliselt p\u00f5hjendatud t\u00f6\u00f6j\u00f5u suurenemisega. Riiki on sisse r\u00e4nnanud rohkem t\u00f6\u00f6otsijaid ning ka rohkem soomlasi otsib t\u00f6\u00f6d. Samas ei ole t\u00f6\u00f6kohtade arv kasvanud, mist\u00f5ttu on t\u00f6\u00f6 leidmine muutunud raskemaks.<\/p>\n<p>Eksperdid on siiski seisukohal, et olukord paraneb. Soome majandusministeerium prognoosib, et sel aastal hakkab t\u00f6\u00f6tus langema.<\/p>\n","protected":false},"excerpt":{"rendered":"Euroopa Liidu riikidest on suurim t\u00f6\u00f6tuse m\u00e4\u00e4r Soomel. Varem esikohta hoidnud Hispaania on endiselt suure t\u00f6\u00f6puudusega riik, kuid&hellip;\n","protected":false},"author":2,"featured_media":68095,"comment_status":"","ping_status":"","sticky":false,"template":"","format":"standard","meta":{"footnotes":"","_share_on_mastodon":"0"},"categories":[14],"tags":[131,130,37,33,35,34,36,113,5616,7193],"class_list":["post-80903","post","type-post","status-publish","format-standard","has-post-thumbnail","category-ari","tag-ari","tag-business","tag-ee","tag-eesti","tag-eesti-keel","tag-estonia","tag-estonian","tag-soome","tag-toojoud","tag-tootus"],"share_on_mastodon":{"url":"https:\/\/pubeurope.com\/@ee\/115860095837231775","error":""},"_links":{"self":[{"href":"https:\/\/www.europesays.com\/ee\/wp-json\/wp\/v2\/posts\/80903","targetHints":{"allow":["GET"]}}],"collection":[{"href":"https:\/\/www.europesays.com\/ee\/wp-json\/wp\/v2\/posts"}],"about":[{"href":"https:\/\/www.europesays.com\/ee\/wp-json\/wp\/v2\/types\/post"}],"author":[{"embeddable":true,"href":"https:\/\/www.europesays.com\/ee\/wp-json\/wp\/v2\/users\/2"}],"replies":[{"embeddable":true,"href":"https:\/\/www.europesays.com\/ee\/wp-json\/wp\/v2\/comments?post=80903"}],"version-history":[{"count":0,"href":"https:\/\/www.europesays.com\/ee\/wp-json\/wp\/v2\/posts\/80903\/revisions"}],"wp:featuredmedia":[{"embeddable":true,"href":"https:\/\/www.europesays.com\/ee\/wp-json\/wp\/v2\/media\/68095"}],"wp:attachment":[{"href":"https:\/\/www.europesays.com\/ee\/wp-json\/wp\/v2\/media?parent=80903"}],"wp:term":[{"taxonomy":"category","embeddable":true,"href":"https:\/\/www.europesays.com\/ee\/wp-json\/wp\/v2\/categories?post=80903"},{"taxonomy":"post_tag","embeddable":true,"href":"https:\/\/www.europesays.com\/ee\/wp-json\/wp\/v2\/tags?post=80903"}],"curies":[{"name":"wp","href":"https:\/\/api.w.org\/{rel}","templated":true}]}}