{"id":81056,"date":"2026-01-08T19:09:06","date_gmt":"2026-01-08T19:09:06","guid":{"rendered":"https:\/\/www.europesays.com\/ee\/81056\/"},"modified":"2026-01-08T19:09:06","modified_gmt":"2026-01-08T19:09:06","slug":"venezuela-teatas-poliitvangide-vabastamisest-delfi","status":"publish","type":"post","link":"https:\/\/www.europesays.com\/ee\/81056\/","title":{"rendered":"Venezuela teatas poliitvangide vabastamisest &#8211; Delfi"},"content":{"rendered":"<p>Vangide vabastamise protsess on alanud, \u00fctles rahvusassamblee juht Jorge Rodr\u00edguez, kes on \u00fchtlasi v\u00e4rskelt ametisse vannutatud presidendi Delcy Rodr\u00edgueze vanem vend. Ta ei avaldanud t\u00e4iendavaid \u00fcksikasju vabastatavate isikute arvu ega protsessi toimumise kohta.<\/p>\n<p>\u201ePidage seda Bol\u00edvari valitsuse \u017eestina, mille laias laastus eesm\u00e4rk on rahu taotlemine,\u201c \u00fctles Rodr\u00edguez televisioonis avaldatud teadaandes.<\/p>\n<p>Poliitvangide vabastamine on olnud Venezuela opositsiooni ja <a rel=\"noopener nofollow\" target=\"_blank\" href=\"https:\/\/www.delfi.ee\/teema\/22971743\/usa\" tag-id=\"22971743\">USA<\/a> valitsuse pikaajaline n\u00f5udmine. Teadaanne v\u00f5ib olla esimene m\u00e4rk sellest, et uus valitsus on valmis taastama riigis teatava s\u00f5navabaduse ning andma j\u00e4rele opositsioonir\u00fchmituste ja USA survele.<\/p>\n<p>Venezuela inim\u00f5igusorganisatsiooni Penal Forumi andmetel oli riigis 2025. aasta 29. detsembri seisuga poliitilistel p\u00f5hjustel kinni peetud 863 inimest. \u201eMe teame juba m\u00f5nda inimest, kes on teel vabadusse, sealhulgas v\u00e4lismaalasi,\u201c kirjutas organisatsiooni juht Alfredo Romero sotsiaalv\u00f5rgustikus X.<\/p>\n<p>Vaatamata massilistele kinnipidamistele p\u00e4rast 2024. aasta valimisi on Venezuela varasemalt eitanud poliitvangide kinnipidamist ja s\u00fc\u00fcdistanud kinnipeetavaid <a rel=\"noopener nofollow\" target=\"_blank\" href=\"https:\/\/www.delfi.ee\/teema\/65394868\/nicolas-maduro\" tag-id=\"65394868\">Nicol\u00e1s Maduro<\/a> valitsuse destabiliseerimise kavandamises.<\/p>\n<p>Kuidas see lugu Sind end tundma pani? Saada <a href=\"https:\/\/www.delfi.ee\/artikkel\/120428251\/venezuela-teatas-poliitvangide-vabastamisest\/kommentaarid\" class=\"article-body-bottom__comment article-body-bottom__comment--write button button--primary button--size-auto\" rel=\"nofollow noopener\" target=\"_blank\"> Kommenteeri <\/a><a href=\"https:\/\/www.delfi.ee\/artikkel\/120428251\/venezuela-teatas-poliitvangide-vabastamisest\/kommentaarid\" class=\"article-body-bottom__comment article-body-bottom__comment--read button button--size-auto\" rel=\"nofollow noopener\" target=\"_blank\"> Loe kommentaare (13)<\/a><\/p>\n","protected":false},"excerpt":{"rendered":"Vangide vabastamise protsess on alanud, \u00fctles rahvusassamblee juht Jorge Rodr\u00edguez, kes on \u00fchtlasi v\u00e4rskelt ametisse vannutatud presidendi Delcy&hellip;\n","protected":false},"author":2,"featured_media":81057,"comment_status":"","ping_status":"","sticky":false,"template":"","format":"standard","meta":{"footnotes":"","_share_on_mastodon":"0"},"categories":[80],"tags":[26,27,37,33,35,34,36,31,32,21,28,29,95,19,6782,40438,25,23,24,22,325,20,3344,30,92,93,94],"class_list":["post-81056","post","type-post","status-publish","format-standard","has-post-thumbnail","category-maailm","tag-breaking-news","tag-breakingnews","tag-ee","tag-eesti","tag-eesti-keel","tag-estonia","tag-estonian","tag-featured-news","tag-featurednews","tag-headlines","tag-latest-news","tag-latestnews","tag-maailm","tag-news","tag-nicolas-maduro","tag-poliitvang","tag-populaarseimad-lood","tag-top-stories","tag-topstories","tag-uldised-uudised","tag-usa","tag-uudised","tag-venezuela","tag-viimased-uudised","tag-world","tag-world-news","tag-worldnews"],"share_on_mastodon":{"url":"https:\/\/pubeurope.com\/@ee\/115861059198807762","error":""},"_links":{"self":[{"href":"https:\/\/www.europesays.com\/ee\/wp-json\/wp\/v2\/posts\/81056","targetHints":{"allow":["GET"]}}],"collection":[{"href":"https:\/\/www.europesays.com\/ee\/wp-json\/wp\/v2\/posts"}],"about":[{"href":"https:\/\/www.europesays.com\/ee\/wp-json\/wp\/v2\/types\/post"}],"author":[{"embeddable":true,"href":"https:\/\/www.europesays.com\/ee\/wp-json\/wp\/v2\/users\/2"}],"replies":[{"embeddable":true,"href":"https:\/\/www.europesays.com\/ee\/wp-json\/wp\/v2\/comments?post=81056"}],"version-history":[{"count":0,"href":"https:\/\/www.europesays.com\/ee\/wp-json\/wp\/v2\/posts\/81056\/revisions"}],"wp:featuredmedia":[{"embeddable":true,"href":"https:\/\/www.europesays.com\/ee\/wp-json\/wp\/v2\/media\/81057"}],"wp:attachment":[{"href":"https:\/\/www.europesays.com\/ee\/wp-json\/wp\/v2\/media?parent=81056"}],"wp:term":[{"taxonomy":"category","embeddable":true,"href":"https:\/\/www.europesays.com\/ee\/wp-json\/wp\/v2\/categories?post=81056"},{"taxonomy":"post_tag","embeddable":true,"href":"https:\/\/www.europesays.com\/ee\/wp-json\/wp\/v2\/tags?post=81056"}],"curies":[{"name":"wp","href":"https:\/\/api.w.org\/{rel}","templated":true}]}}