{"id":81085,"date":"2026-01-08T19:56:06","date_gmt":"2026-01-08T19:56:06","guid":{"rendered":"https:\/\/www.europesays.com\/ee\/81085\/"},"modified":"2026-01-08T19:56:06","modified_gmt":"2026-01-08T19:56:06","slug":"video-%e2%9f%a9-briti-saatejuht-hakkas-maailma-vaikseima-mikropeenisega-mehe-peale-itsitama","status":"publish","type":"post","link":"https:\/\/www.europesays.com\/ee\/81085\/","title":{"rendered":"VIDEO \u27e9 Briti saatejuht hakkas maailma v\u00e4ikseima mikropeenisega mehe peale itsitama"},"content":{"rendered":"<p>\u00abAustan tema julgust ja ausust,\u00bb viitas \u00fcks netikommentaator 38-aastasele Michaelile, kes r\u00e4\u00e4kis Briti hommikuprogrammi emotsionaalses intervjuus sellest, milline on elu mikropeenisega. P\u00e4rast intervjuud avaldavad vaatajad mehele toetust, kuid \u00fcks saatejuhtidest on oma inetu teo t\u00f5ttu langenud kriitikalaviini alla.<\/p>\n<p>Michael Phillips, 38-aastane mees, jagab oma lugu suurima peenisega, mis tekitab nii toetust kui ka pahameelt kaasvaatajate seas.<\/p>\n","protected":false},"excerpt":{"rendered":"\u00abAustan tema julgust ja ausust,\u00bb viitas \u00fcks netikommentaator 38-aastasele Michaelile, kes r\u00e4\u00e4kis Briti hommikuprogrammi emotsionaalses intervjuus sellest, milline&hellip;\n","protected":false},"author":2,"featured_media":81086,"comment_status":"","ping_status":"","sticky":false,"template":"","format":"standard","meta":{"footnotes":"","_share_on_mastodon":"0"},"categories":[91],"tags":[40446,40447,240,37,33,35,173,34,36,37035,241,40454,40453,40448,40456,140,40451,40452,40455,40457,26281,40449,40450],"class_list":["post-81085","post","type-post","status-publish","format-standard","has-post-thumbnail","category-kuulsused","tag-briti-mehed","tag-cat-deeley","tag-celebrities","tag-ee","tag-eesti","tag-eesti-keel","tag-entertainment","tag-estonia","tag-estonian","tag-keskkool","tag-kuulsused","tag-lorraine-kelly","tag-maailma-vaikseim-peenis","tag-meditsiiniline-haigus","tag-meditsiiniline-seisund","tag-meelelahutus","tag-michael-phillips","tag-mikropeenis","tag-peenise-suurus","tag-ravivoimalused","tag-teadlikkus","tag-this-morning","tag-tualetis-urineerimine"],"share_on_mastodon":{"url":"https:\/\/pubeurope.com\/@ee\/115861243994874536","error":""},"_links":{"self":[{"href":"https:\/\/www.europesays.com\/ee\/wp-json\/wp\/v2\/posts\/81085","targetHints":{"allow":["GET"]}}],"collection":[{"href":"https:\/\/www.europesays.com\/ee\/wp-json\/wp\/v2\/posts"}],"about":[{"href":"https:\/\/www.europesays.com\/ee\/wp-json\/wp\/v2\/types\/post"}],"author":[{"embeddable":true,"href":"https:\/\/www.europesays.com\/ee\/wp-json\/wp\/v2\/users\/2"}],"replies":[{"embeddable":true,"href":"https:\/\/www.europesays.com\/ee\/wp-json\/wp\/v2\/comments?post=81085"}],"version-history":[{"count":0,"href":"https:\/\/www.europesays.com\/ee\/wp-json\/wp\/v2\/posts\/81085\/revisions"}],"wp:featuredmedia":[{"embeddable":true,"href":"https:\/\/www.europesays.com\/ee\/wp-json\/wp\/v2\/media\/81086"}],"wp:attachment":[{"href":"https:\/\/www.europesays.com\/ee\/wp-json\/wp\/v2\/media?parent=81085"}],"wp:term":[{"taxonomy":"category","embeddable":true,"href":"https:\/\/www.europesays.com\/ee\/wp-json\/wp\/v2\/categories?post=81085"},{"taxonomy":"post_tag","embeddable":true,"href":"https:\/\/www.europesays.com\/ee\/wp-json\/wp\/v2\/tags?post=81085"}],"curies":[{"name":"wp","href":"https:\/\/api.w.org\/{rel}","templated":true}]}}