{"id":81120,"date":"2026-01-08T21:20:06","date_gmt":"2026-01-08T21:20:06","guid":{"rendered":"https:\/\/www.europesays.com\/ee\/81120\/"},"modified":"2026-01-08T21:20:06","modified_gmt":"2026-01-08T21:20:06","slug":"hiina-droonidel-ja-nende-osadel-pole-usasse-enam-asja","status":"publish","type":"post","link":"https:\/\/www.europesays.com\/ee\/81120\/","title":{"rendered":"Hiina droonidel ja nende osadel pole USAsse enam asja"},"content":{"rendered":"<p>Droonid on vallutanud taeva \u2013 hobideks, p\u00f5llul, filmiv\u00f5tetel ja ka turvat\u00f6\u00f6s. Aga n\u00fc\u00fcd on Ameerika \u00f6elnud: \u00abStop!\u00bb \u2013 v\u00e4hemalt neile droonidele, mis tulevad teatud suunast. F\u00f6deraalne Sidekomisjon on andnud keelu uutele, v\u00e4lismaal toodetud droonidele, p\u00f5hjendades seda rahvusliku julgeolekuga. Hiina p\u00e4ritolu mudelid, millel on USA turul valdav roll, v\u00f5ivad peagi kaduda poeriiulitelt. Ent miks just praegu ja mille eest t\u00e4pselt kaitstakse? Kas mure on p\u00e4riselt tehnoloogias v\u00f5i pigem selle taga seisvates j\u00f5ujoontes?<\/p>\n<p>FCC keelustas Hiina droonid Ameerikas, p\u00f5hjendades seda riikliku julgeoleku huvidega.<\/p>\n","protected":false},"excerpt":{"rendered":"Droonid on vallutanud taeva \u2013 hobideks, p\u00f5llul, filmiv\u00f5tetel ja ka turvat\u00f6\u00f6s. Aga n\u00fc\u00fcd on Ameerika \u00f6elnud: \u00abStop!\u00bb \u2013&hellip;\n","protected":false},"author":2,"featured_media":81121,"comment_status":"","ping_status":"","sticky":false,"template":"","format":"standard","meta":{"footnotes":"","_share_on_mastodon":"0"},"categories":[14],"tags":[131,130,5892,1274,37,33,35,34,36,40477,326,31980],"class_list":["post-81120","post","type-post","status-publish","format-standard","has-post-thumbnail","category-ari","tag-ari","tag-business","tag-dji","tag-droonid","tag-ee","tag-eesti","tag-eesti-keel","tag-estonia","tag-estonian","tag-fcc","tag-hiina","tag-riiklik-julgeolek"],"share_on_mastodon":{"url":"https:\/\/pubeurope.com\/@ee\/115861574353411893","error":""},"_links":{"self":[{"href":"https:\/\/www.europesays.com\/ee\/wp-json\/wp\/v2\/posts\/81120","targetHints":{"allow":["GET"]}}],"collection":[{"href":"https:\/\/www.europesays.com\/ee\/wp-json\/wp\/v2\/posts"}],"about":[{"href":"https:\/\/www.europesays.com\/ee\/wp-json\/wp\/v2\/types\/post"}],"author":[{"embeddable":true,"href":"https:\/\/www.europesays.com\/ee\/wp-json\/wp\/v2\/users\/2"}],"replies":[{"embeddable":true,"href":"https:\/\/www.europesays.com\/ee\/wp-json\/wp\/v2\/comments?post=81120"}],"version-history":[{"count":0,"href":"https:\/\/www.europesays.com\/ee\/wp-json\/wp\/v2\/posts\/81120\/revisions"}],"wp:featuredmedia":[{"embeddable":true,"href":"https:\/\/www.europesays.com\/ee\/wp-json\/wp\/v2\/media\/81121"}],"wp:attachment":[{"href":"https:\/\/www.europesays.com\/ee\/wp-json\/wp\/v2\/media?parent=81120"}],"wp:term":[{"taxonomy":"category","embeddable":true,"href":"https:\/\/www.europesays.com\/ee\/wp-json\/wp\/v2\/categories?post=81120"},{"taxonomy":"post_tag","embeddable":true,"href":"https:\/\/www.europesays.com\/ee\/wp-json\/wp\/v2\/tags?post=81120"}],"curies":[{"name":"wp","href":"https:\/\/api.w.org\/{rel}","templated":true}]}}