{"id":81181,"date":"2026-01-09T01:02:25","date_gmt":"2026-01-09T01:02:25","guid":{"rendered":"https:\/\/www.europesays.com\/ee\/81181\/"},"modified":"2026-01-09T01:02:25","modified_gmt":"2026-01-09T01:02:25","slug":"reedel-tuul-tugevneb-ja-ilm-laheb-veelgi-kulmemaks-err","status":"publish","type":"post","link":"https:\/\/www.europesays.com\/ee\/81181\/","title":{"rendered":"Reedel tuul tugevneb ja ilm l\u00e4heb veelgi k\u00fclmemaks &#8211; ERR"},"content":{"rendered":"<ol>\n<li><a href=\"https:\/\/news.google.com\/rss\/articles\/CBMihwFBVV95cUxPQW0zRDROd3RqMWF2SURoWWFHRE1jLUx5cTBWaWZhZHVhWDA1d3VHRjkwWTJ2SzRPcmtSeE5kUHFIN0owdzZLSVNfTGhlekNaWkVabHB1SGt2V01CeC1nUl9ubWhmVFg1cENRN2NuWjFxMlNRa0dlUHNXVmRfTG1tek5NUFNnVm8?oc=5\" target=\"_blank\" rel=\"nofollow noopener\">Reedel tuul tugevneb ja ilm l\u00e4heb veelgi k\u00fclmemaks<\/a>&nbsp;&nbsp;ERR<\/li>\n<li><a href=\"https:\/\/news.google.com\/rss\/articles\/CBMirgFBVV95cUxNV1haN3R6eThRTFNMcFNCTUNvYTdqcHhOMHZOM2l5c1NsYVhlNUxxTUNwZ2V5UXZPVFJpSmgtWEUwYmdPNm5fXzVrcHlkYU5aaHBOOHhZTHdnSHFpR29xLW1IdW5kYjNraHRLN3Nza1pJdzRsa25VNkZSNEwxUkVkclpSbGE2aDF1c2ZHWWw5Y1NibkswMzdORm1wY3IyeS1tSVlIZG9kRzZ0aEU5ekE?oc=5\" target=\"_blank\" rel=\"nofollow noopener\">ILMAPROGNOOS | Talv n\u00e4itab oma hambaid veelgi, oodata on k\u00f5va pakast<\/a>&nbsp;&nbsp;Maaleht<\/li>\n<li><a href=\"https:\/\/news.google.com\/rss\/articles\/CBMiigFBVV95cUxNSHBkOXctZk5kOUJISURlX1lLekh2MzVQYXpLY0Y4bWNZR05qd0dKZW5yWk1sYm1BVFRQZDUyVWZTbjBBQjZid1JhZGNpYWdwTXdBR0FEZXhrSVhSdS1HVVFHOUZhSFpkeXh5ZFhXZ0VNelpKaGVpeTZldkF5bnR3N0RUQlpsS2lQYWc?oc=5\" target=\"_blank\" rel=\"nofollow noopener\">Talveilmad j\u00e4tkavad v\u00f5iduk\u00e4iku, tuul tugevneb<\/a>&nbsp;&nbsp;Ilmajaam<\/li>\n<li><a href=\"https:\/\/news.google.com\/rss\/articles\/CBMiswFBVV95cUxNR2V6aGg0bFg1ZG00dTFyMlVwSXFNSHZnUExUelIwa0M4VVdISUJYWlZJMVVHbWk1VHNxa0RreEJJbno0SS1qNGxEYmlWbXl1bGVVYW9DbXU3SDNXTmljaXcyT01ERkhPN21aT2p1UF9aYTFIZU51Nlp2RUkzQUhRUVo5SDlNdTI4X2tZZlVYNlpOb3J4cHd4SkJIVTduZEpOay1WS1NYWWI1S2FhaXpvc21GUQ?oc=5\" target=\"_blank\" rel=\"nofollow noopener\">KASUKAD SELGA! Ilm j\u00e4tkab talvist joont, \u00f5hutemperatuur langeb kohati isegi alla -20<\/a>&nbsp;&nbsp;\u00d5htuleht<\/li>\n<li><a href=\"https:\/\/news.google.com\/rss\/articles\/CBMie0FVX3lxTFB4cExPb3NfUkRhUVlQTEdMcnpWRGlhM0dSaVlETFRwS1puQ1F0elZyU1ltbWtUbjBaSUJTTUxTdHRQZVgzVHhMTjFscUFkdXQxSVd2Z2w4cUhLQ203UC00VU1tRUEzekxUS3UzdVZVOF9hYmtpZkF6MVRNSQ?oc=5\" target=\"_blank\" rel=\"nofollow noopener\">Reedel tuleb kuni 15 kraadi k\u00fclma<\/a>&nbsp;&nbsp;Ilmajaam<\/li>\n<\/ol>\n","protected":false},"excerpt":{"rendered":"Reedel tuul tugevneb ja ilm l\u00e4heb veelgi k\u00fclmemaks&nbsp;&nbsp;ERR ILMAPROGNOOS | Talv n\u00e4itab oma hambaid veelgi, oodata on k\u00f5va&hellip;\n","protected":false},"author":2,"featured_media":1745,"comment_status":"","ping_status":"","sticky":false,"template":"","format":"standard","meta":{"footnotes":""},"categories":[12],"tags":[71,26,27,37,33,35,34,36,31,32,21,28,29,19,999,25,23,24,22,20,1084,30],"class_list":{"0":"post-81181","1":"post","2":"type-post","3":"status-publish","4":"format-standard","5":"has-post-thumbnail","7":"category-eesti","8":"tag-arvamus","9":"tag-breaking-news","10":"tag-breakingnews","11":"tag-ee","12":"tag-eesti","13":"tag-eesti-keel","14":"tag-estonia","15":"tag-estonian","16":"tag-featured-news","17":"tag-featurednews","18":"tag-headlines","19":"tag-latest-news","20":"tag-latestnews","21":"tag-news","22":"tag-poliitika","23":"tag-populaarseimad-lood","24":"tag-top-stories","25":"tag-topstories","26":"tag-uldised-uudised","27":"tag-uudised","28":"tag-valismaa","29":"tag-viimased-uudised"},"share_on_mastodon":{"url":"https:\/\/pubeurope.com\/@ee\/115862447220198286","error":""},"_links":{"self":[{"href":"https:\/\/www.europesays.com\/ee\/wp-json\/wp\/v2\/posts\/81181","targetHints":{"allow":["GET"]}}],"collection":[{"href":"https:\/\/www.europesays.com\/ee\/wp-json\/wp\/v2\/posts"}],"about":[{"href":"https:\/\/www.europesays.com\/ee\/wp-json\/wp\/v2\/types\/post"}],"author":[{"embeddable":true,"href":"https:\/\/www.europesays.com\/ee\/wp-json\/wp\/v2\/users\/2"}],"replies":[{"embeddable":true,"href":"https:\/\/www.europesays.com\/ee\/wp-json\/wp\/v2\/comments?post=81181"}],"version-history":[{"count":0,"href":"https:\/\/www.europesays.com\/ee\/wp-json\/wp\/v2\/posts\/81181\/revisions"}],"wp:featuredmedia":[{"embeddable":true,"href":"https:\/\/www.europesays.com\/ee\/wp-json\/wp\/v2\/media\/1745"}],"wp:attachment":[{"href":"https:\/\/www.europesays.com\/ee\/wp-json\/wp\/v2\/media?parent=81181"}],"wp:term":[{"taxonomy":"category","embeddable":true,"href":"https:\/\/www.europesays.com\/ee\/wp-json\/wp\/v2\/categories?post=81181"},{"taxonomy":"post_tag","embeddable":true,"href":"https:\/\/www.europesays.com\/ee\/wp-json\/wp\/v2\/tags?post=81181"}],"curies":[{"name":"wp","href":"https:\/\/api.w.org\/{rel}","templated":true}]}}