{"id":81257,"date":"2026-01-09T05:58:07","date_gmt":"2026-01-09T05:58:07","guid":{"rendered":"https:\/\/www.europesays.com\/ee\/81257\/"},"modified":"2026-01-09T05:58:07","modified_gmt":"2026-01-09T05:58:07","slug":"venemaa-rundas-lvivi-raketiga-mis-liikus-kiirusega-13-000-kilomeetrit-tunnis","status":"publish","type":"post","link":"https:\/\/www.europesays.com\/ee\/81257\/","title":{"rendered":"Venemaa r\u00fcndas Lvivi raketiga, mis liikus kiirusega 13 000 kilomeetrit tunnis"},"content":{"rendered":"<p>\u201e8. jaanuaril kell 23.47 andis vaenlane raketil\u00f6\u00f6gi infrastruktuuriobjektidele Lvivis, kasutades ballistilist raketti. \u00d5husihtm\u00e4rk liikus kiirusega umbes 13 000 kilomeetrit tunnis ballistilisel trajektooril,\u201c teatasid Ukraina \u00f5huj\u00f5ud, vahendab Ukrajinska Pravda.<\/p>\n<p>\u00d5huj\u00f5ud teatasid, et raketi t\u00fc\u00fcp tehakse kindlaks p\u00e4rast selle elementide uurimist.<\/p>\n<p>Ukraina \u00f5huj\u00f5udude kommunikatsioonijuht, polkovnik Juri Ihnat \u00fctles, et <a rel=\"noopener nofollow\" target=\"_blank\" href=\"https:\/\/www.delfi.ee\/teema\/3\/venemaa\" tag-id=\"3\">Venemaa<\/a> v\u00f5is anda Lvivile l\u00f6\u00f6gi <a rel=\"noopener nofollow\" target=\"_blank\" href=\"https:\/\/www.delfi.ee\/teema\/63979893\/astrahan\" tag-id=\"63979893\">Astrahani<\/a> oblastist Kapustin Jari pol\u00fcgoonilt, kus esialgse informatsiooni j\u00e4rgi baseerub <a rel=\"noopener nofollow\" target=\"_blank\" href=\"https:\/\/www.delfi.ee\/teema\/96865372\/oresnik\" tag-id=\"96865372\">Ore\u0161niku<\/a> kompleks.<\/p>\n<p>Lvivi linnapea Andri Sadov\u00f5i \u00fctles, et seni ei ole teada, kas Venemaa r\u00fcndas Ore\u0161nikuga.<\/p>\n<p>Lvivi oblasti s\u00f5jaadministratsiooni juht Maks\u00f5m Koz\u00f5tsk\u00f5i \u00fctles, et kiirgus- ja kahjulike ainete tase \u00f5hus on normi piires.<\/p>\n<p>Kuidas see lugu Sind end tundma pani? Saada <\/p>\n","protected":false},"excerpt":{"rendered":"\u201e8. jaanuaril kell 23.47 andis vaenlane raketil\u00f6\u00f6gi infrastruktuuriobjektidele Lvivis, kasutades ballistilist raketti. \u00d5husihtm\u00e4rk liikus kiirusega umbes 13 000&hellip;\n","protected":false},"author":2,"featured_media":81258,"comment_status":"","ping_status":"","sticky":false,"template":"","format":"standard","meta":{"footnotes":"","_share_on_mastodon":"0"},"categories":[80],"tags":[11036,26,27,37,33,35,34,36,31,32,21,28,29,3629,95,19,6990,25,107,23,24,262,22,20,96,30,92,93,94],"class_list":["post-81257","post","type-post","status-publish","format-standard","has-post-thumbnail","category-maailm","tag-astrahan","tag-breaking-news","tag-breakingnews","tag-ee","tag-eesti","tag-eesti-keel","tag-estonia","tag-estonian","tag-featured-news","tag-featurednews","tag-headlines","tag-latest-news","tag-latestnews","tag-lviv","tag-maailm","tag-news","tag-oresnik","tag-populaarseimad-lood","tag-soda-ukrainas","tag-top-stories","tag-topstories","tag-ukraina","tag-uldised-uudised","tag-uudised","tag-venemaa","tag-viimased-uudised","tag-world","tag-world-news","tag-worldnews"],"share_on_mastodon":{"url":"https:\/\/pubeurope.com\/@ee\/115863611168298375","error":""},"_links":{"self":[{"href":"https:\/\/www.europesays.com\/ee\/wp-json\/wp\/v2\/posts\/81257","targetHints":{"allow":["GET"]}}],"collection":[{"href":"https:\/\/www.europesays.com\/ee\/wp-json\/wp\/v2\/posts"}],"about":[{"href":"https:\/\/www.europesays.com\/ee\/wp-json\/wp\/v2\/types\/post"}],"author":[{"embeddable":true,"href":"https:\/\/www.europesays.com\/ee\/wp-json\/wp\/v2\/users\/2"}],"replies":[{"embeddable":true,"href":"https:\/\/www.europesays.com\/ee\/wp-json\/wp\/v2\/comments?post=81257"}],"version-history":[{"count":0,"href":"https:\/\/www.europesays.com\/ee\/wp-json\/wp\/v2\/posts\/81257\/revisions"}],"wp:featuredmedia":[{"embeddable":true,"href":"https:\/\/www.europesays.com\/ee\/wp-json\/wp\/v2\/media\/81258"}],"wp:attachment":[{"href":"https:\/\/www.europesays.com\/ee\/wp-json\/wp\/v2\/media?parent=81257"}],"wp:term":[{"taxonomy":"category","embeddable":true,"href":"https:\/\/www.europesays.com\/ee\/wp-json\/wp\/v2\/categories?post=81257"},{"taxonomy":"post_tag","embeddable":true,"href":"https:\/\/www.europesays.com\/ee\/wp-json\/wp\/v2\/tags?post=81257"}],"curies":[{"name":"wp","href":"https:\/\/api.w.org\/{rel}","templated":true}]}}