{"id":81299,"date":"2026-01-09T07:12:07","date_gmt":"2026-01-09T07:12:07","guid":{"rendered":"https:\/\/www.europesays.com\/ee\/81299\/"},"modified":"2026-01-09T07:12:07","modified_gmt":"2026-01-09T07:12:07","slug":"jazzkaare-fookuses-maailma-koigi-aegade-parim-bandzovirtuoos-bela-fleck-edasi","status":"publish","type":"post","link":"https:\/\/www.europesays.com\/ee\/81299\/","title":{"rendered":"Jazzkaare fookuses: maailma k\u00f5igi aegade parim band\u017eovirtuoos B\u00e9la Fleck \u2013 Edasi"},"content":{"rendered":"<p class=\"intro\">Jazzkaare soojenduskontserdi staar on t\u00e4navu BEATrio \u2013 ansambel, kus m\u00e4ngivad koos maailma parim band\u017eom\u00e4ngija B\u00e9la Fleck, trummar Antonio S\u00e1nchez ning harfivirtuoos Edmar Casta\u00f1eda. Trio eestvedaja Fleck on erakordse muusikukarj\u00e4\u00e4ri jooksul p\u00e4lvinud 18 Grammy auhinda ja 40 nominatsiooni, \u00fcks neist BEATrio 2026. aasta Grammyde parima kaasaegse instrumentaalalbumi kategoorias. Selle vinge trio muusikast v\u00f5ib Eesti kuulaja osa saada 11. veebruaril Alexela kontserdimajas.<\/p>\n<p>B\u00e9la Fleckist kirjutab Anne Erm.<\/p>\n<p>B\u00e9la Flecki saavutused on seda erilisemad, et band\u017eo pole ju teab mis populaarne instrument \u2013 tuntud on see rohkem kantri- ja folkmuusika s\u00f5pradele ning haruldane teistes \u017eanrites. B\u00e9la Fleck on suutnud t\u00f5estada, et band\u017eo on k\u00f5va tegija ka jazzmuusikas ning \u00f5ige mehe k\u00e4es suudab improviseerida v\u00f5idu mistahes pilliga ja lisada hoopis uusi v\u00e4rve jazzi ja klassikasse. Flecki fantaasiarikast pillik\u00e4sitlust on kiitnud tema lavakaaslased, suurkujud nagu Chick Corea, Branford Marsalis, Stevie Wonder jt ning \u00fcha sagedamini esineb Fleck ka koos s\u00fcmfooniaorkestritega.<\/p>\n<p>Esimest korda j\u00f5udis B\u00e9la Fleck Jazzkaarele 1998. aastal. 25. aprillil Sakala keskuses t\u00e4ismajale esitatud kontsert m\u00f5jus vapustavalt k\u00fcllusliku ja v\u00f5imsa helivooga ning paljud f\u00e4nnid on selle kontserdi lummas veel t\u00e4nagi. Ansamblis Flecktones musitseerisid veel vennad Roy ja Victor Wooten ning saksofonist Jeff Coffin. Selle koosseisuga esineb B\u00e9la vahel n\u00fc\u00fcdki, kuid praegu on ta kontserttegevuse fookuses BEATrio. See koosseis v\u00f5itis suvisel North Sea Jazzil kuulajate s\u00fcdamed ning Jazzkaare tiimi otsus oli, et seda muusikute imelist koost\u00f6\u00f6d lihtsalt peavad meie muusikas\u00f5brad kuulma. Esmapilgul v\u00f5iks ju muretseda \u2013 mis imelik koosseis see on: band\u017eo, jazzharf ja trummid? Aga uskuge, see on midagi erilist ja v\u00e4\u00e4rt kuulamist. Kindlasti tuleb kasuks ka see, et k\u00f5ik kolm muusikut on varem Jazzkaarel esinenud ja publiku hingekeeli puudutanud.<\/p>\n<p>K\u00fclluslike r\u00fctmidega kostitab BEATrios helilooja-trummar-produtsent, Mehhikost p\u00e4rit Antonio S\u00e1nchez, keda Jazzkaare f\u00e4nnid said kuulda aastal 2011 Pat Metheny Unity ansambli projektis KIN Alexela laval ja hiljem ka ta oma ansambliga, Methenyga on trummar salvestanud \u00fcheksa albumit. S\u00e1nchez on ikoonilise filmi \u201cBirdman\u201d (\u201cLindmees\u201d) muusika autor ja auhindadega \u00fcle k\u00fclvatud nii filmimuusika kui jazzloomingu eest.<\/p>\n<p>Columbiast p\u00e4rit Edmar Casta\u00f1eda j\u00f5udis oma trio kontserdiga Jazzkaare Merepaviljoni aastal 2014 \u2013 koosseisus lisaks harfile tromboon ja l\u00f6\u00f6kpillid. Kontserti nimetati lausa jumalikuks ja Casta\u00f1edat harfiv\u00f5luriks. Haruldane jazzharfist Edmar Casta\u00f1eda on BEATrios \u00fchendav l\u00fcli, m\u00e4ngides vasaku k\u00e4ega bassipartiid ja paremaga harmoniseerides Flecki meloodiaid. BEATrio muusika autor on enamasti B\u00e9la Fleck, kuid kontserdi kavas on ka S\u00e1nchezi ja Casta\u00f1eda loomingut. Trio muusika kulgeb vabalt ja sundimatult kantri, jazzi, funk\u2019i ja popmuusika maadel justkui t\u00f5estades, et t\u00e4nane muusikamaailm on mitmetahuline tervik, kus piire on loomulik, rikastav ning vajalik \u00fcletada. Kuidas tegelikult on, saab kuulda ja n\u00e4ha 11. veebruaril Alexela kontserdimajas, kui kolm \u00e4gedat muusikut v\u00f5ivad meid t\u00f5sta pilvedesse, aga vast nad toovaid meid l\u00f5puks ikka maa peale tagasi.<\/p>\n<p>N\u00e4ide BEATrio esinemisest:<\/p>\n<p>Festival <a href=\"https:\/\/www.jazzkaar.ee\/\" target=\"_blank\" rel=\"noopener nofollow\">Jazzkaar<\/a> toimub 25. aprillist 2. maini 2026 Telliskivi Loomelinnakus Von Krahli ja Fotografiska Tallinna saalides. Seni on v\u00e4lja kuulutatud B\u00e9la Fleck BEATrio, MinGO Rajandi \u201cLady Sapiens\u201d, Bill Frisell &amp; Eyvind Kang, Jordan Rakei, Kneebody ja Kennedy Administration. Festivali kogu kava avalikustatakse veebruari algul.<\/p>\n<p style=\"text-align: center;\">***<\/p>\n<p>Rubriik\u00a0<a href=\"https:\/\/edasi.org\/?s=jazzkaare+fookuses\" target=\"_blank\" rel=\"noopener nofollow\">\u201cJazzkaare fookuses\u201d<\/a> on ajakirja Edasi ja Jazzkaare koost\u00f6\u00f6projekt, kus tutvustame ja arutleme maailma ja Eesti jazzmuusika trendide \u00fcle ning v\u00f5tame luubi alla p\u00f5nevad valdkonda puudutavad jazziteemad ja esinejad.<\/p>\n","protected":false},"excerpt":{"rendered":"Jazzkaare soojenduskontserdi staar on t\u00e4navu BEATrio \u2013 ansambel, kus m\u00e4ngivad koos maailma parim band\u017eom\u00e4ngija B\u00e9la Fleck, trummar Antonio&hellip;\n","protected":false},"author":2,"featured_media":81300,"comment_status":"","ping_status":"","sticky":false,"template":"","format":"standard","meta":{"footnotes":""},"categories":[16],"tags":[26416,24230,24227,424,37,33,35,2922,173,34,36,12740,12741,140,144],"class_list":{"0":"post-81299","1":"post","2":"type-post","3":"status-publish","4":"format-standard","5":"has-post-thumbnail","7":"category-meelelahutus","8":"tag-anne-erm","9":"tag-bandzo","10":"tag-bela-fleck","11":"tag-edasi","12":"tag-ee","13":"tag-eesti","14":"tag-eesti-keel","15":"tag-eestvedamine","16":"tag-entertainment","17":"tag-estonia","18":"tag-estonian","19":"tag-jazzkaar","20":"tag-jazzkaare-fookuses","21":"tag-meelelahutus","22":"tag-muusika"},"share_on_mastodon":{"url":"https:\/\/pubeurope.com\/@ee\/115863902233009604","error":""},"_links":{"self":[{"href":"https:\/\/www.europesays.com\/ee\/wp-json\/wp\/v2\/posts\/81299","targetHints":{"allow":["GET"]}}],"collection":[{"href":"https:\/\/www.europesays.com\/ee\/wp-json\/wp\/v2\/posts"}],"about":[{"href":"https:\/\/www.europesays.com\/ee\/wp-json\/wp\/v2\/types\/post"}],"author":[{"embeddable":true,"href":"https:\/\/www.europesays.com\/ee\/wp-json\/wp\/v2\/users\/2"}],"replies":[{"embeddable":true,"href":"https:\/\/www.europesays.com\/ee\/wp-json\/wp\/v2\/comments?post=81299"}],"version-history":[{"count":0,"href":"https:\/\/www.europesays.com\/ee\/wp-json\/wp\/v2\/posts\/81299\/revisions"}],"wp:featuredmedia":[{"embeddable":true,"href":"https:\/\/www.europesays.com\/ee\/wp-json\/wp\/v2\/media\/81300"}],"wp:attachment":[{"href":"https:\/\/www.europesays.com\/ee\/wp-json\/wp\/v2\/media?parent=81299"}],"wp:term":[{"taxonomy":"category","embeddable":true,"href":"https:\/\/www.europesays.com\/ee\/wp-json\/wp\/v2\/categories?post=81299"},{"taxonomy":"post_tag","embeddable":true,"href":"https:\/\/www.europesays.com\/ee\/wp-json\/wp\/v2\/tags?post=81299"}],"curies":[{"name":"wp","href":"https:\/\/api.w.org\/{rel}","templated":true}]}}