{"id":81534,"date":"2026-01-09T11:48:07","date_gmt":"2026-01-09T11:48:07","guid":{"rendered":"https:\/\/www.europesays.com\/ee\/81534\/"},"modified":"2026-01-09T11:48:07","modified_gmt":"2026-01-09T11:48:07","slug":"fisi-korge-juht-kritiseeris-otepaa-mk-etappi-eesti-suusaliit-sportlane-esitas-valesuudistuse","status":"publish","type":"post","link":"https:\/\/www.europesays.com\/ee\/81534\/","title":{"rendered":"FISi k\u00f5rge juht kritiseeris Otep\u00e4\u00e4 MK-etappi. Eesti suusaliit: sportlane esitas vales\u00fc\u00fcdistuse"},"content":{"rendered":"<p>Rahvusvahelise suusaliidu (FIS) j\u00e4tkusuutlikkuse direktor Susanna Sieff kiitis k\u00fcll Otep\u00e4\u00e4 MK-etapi korraldust, ent heitis ette, et sportlaste toitlustamist tuleb parandada. Eesti suusaliidu s\u00f5nul ei pea kriitika paika.<\/p>\n<p>Alates 2023. aasta maist FISi j\u00e4tkusuutlikkuse ehk keskkonnam\u00f5ju ja s\u00fcsinikujalaj\u00e4lje eest vastutav Sieff saabus Otep\u00e4\u00e4le reede hommikul, et hinnata Tehvandi suusakeskuse j\u00e4tkusuutlikkust.<\/p>\n","protected":false},"excerpt":{"rendered":"Rahvusvahelise suusaliidu (FIS) j\u00e4tkusuutlikkuse direktor Susanna Sieff kiitis k\u00fcll Otep\u00e4\u00e4 MK-etapi korraldust, ent heitis ette, et sportlaste toitlustamist&hellip;\n","protected":false},"author":2,"featured_media":81535,"comment_status":"","ping_status":"","sticky":false,"template":"","format":"standard","meta":{"footnotes":"","_share_on_mastodon":"0"},"categories":[18],"tags":[37,33,35,34,36,3710,10157,2095,12545,6466,159,158,40610,12518],"class_list":["post-81534","post","type-post","status-publish","format-standard","has-post-thumbnail","category-sport","tag-ee","tag-eesti","tag-eesti-keel","tag-estonia","tag-estonian","tag-fis","tag-keskkonnamoju","tag-otepaa-mk-etapp","tag-rahvusvaheline-suusaliit","tag-rauno-loit","tag-sport","tag-sports","tag-susanna-sieff","tag-susinikujalajalg"],"share_on_mastodon":{"url":"https:\/\/pubeurope.com\/@ee\/115864987543603226","error":""},"_links":{"self":[{"href":"https:\/\/www.europesays.com\/ee\/wp-json\/wp\/v2\/posts\/81534","targetHints":{"allow":["GET"]}}],"collection":[{"href":"https:\/\/www.europesays.com\/ee\/wp-json\/wp\/v2\/posts"}],"about":[{"href":"https:\/\/www.europesays.com\/ee\/wp-json\/wp\/v2\/types\/post"}],"author":[{"embeddable":true,"href":"https:\/\/www.europesays.com\/ee\/wp-json\/wp\/v2\/users\/2"}],"replies":[{"embeddable":true,"href":"https:\/\/www.europesays.com\/ee\/wp-json\/wp\/v2\/comments?post=81534"}],"version-history":[{"count":0,"href":"https:\/\/www.europesays.com\/ee\/wp-json\/wp\/v2\/posts\/81534\/revisions"}],"wp:featuredmedia":[{"embeddable":true,"href":"https:\/\/www.europesays.com\/ee\/wp-json\/wp\/v2\/media\/81535"}],"wp:attachment":[{"href":"https:\/\/www.europesays.com\/ee\/wp-json\/wp\/v2\/media?parent=81534"}],"wp:term":[{"taxonomy":"category","embeddable":true,"href":"https:\/\/www.europesays.com\/ee\/wp-json\/wp\/v2\/categories?post=81534"},{"taxonomy":"post_tag","embeddable":true,"href":"https:\/\/www.europesays.com\/ee\/wp-json\/wp\/v2\/tags?post=81534"}],"curies":[{"name":"wp","href":"https:\/\/api.w.org\/{rel}","templated":true}]}}