{"id":81663,"date":"2026-01-09T14:45:10","date_gmt":"2026-01-09T14:45:10","guid":{"rendered":"https:\/\/www.europesays.com\/ee\/81663\/"},"modified":"2026-01-09T14:45:10","modified_gmt":"2026-01-09T14:45:10","slug":"mis-on-reisija-oigused-kui-lend-talvise-ilma-tottu-hilineb-voi-lausa-tuhistatakse","status":"publish","type":"post","link":"https:\/\/www.europesays.com\/ee\/81663\/","title":{"rendered":"Mis on reisija \u00f5igused, kui lend talvise ilma t\u00f5ttu hilineb v\u00f5i lausa t\u00fchistatakse?"},"content":{"rendered":"<p>Hollandis t\u00fchistati Amsterdami Schipholi lennujaamas lume ja tugeva tuule t\u00f5ttu \u00fche p\u00e4eva jooksul \u00fcle 700 lennu. Lennujaam hoiatas, et p\u00fcsiv talveilm m\u00f5jutab eelk\u00f5ige Euroopa-siseseid lende. Eelmisel n\u00e4dalavahetusel j\u00e4i samades tingimustes lennujaama ligi 1200 reisijat.<\/p>\n<p>Talvised ilmastikuolud v\u00f5ivad reisijatele olla eriti stressirohked, sest halva ilma t\u00f5ttu v\u00f5ivad lennud seiskuda p\u00e4evadeks. Samas on reisijatel kindlad \u00f5igused ning abi v\u00f5ib olla ka reisikindlustusest, vahendab Euronews. <\/p>\n<p>Kui lend hilineb v\u00e4hemalt kolm tundi v\u00f5i t\u00fchistatakse, on reisijal \u00fcldjuhul \u00f5igus <a rel=\"noopener nofollow\" target=\"_blank\" href=\"https:\/\/www.delfi.ee\/teema\/22741649\/huvitis\" tag-id=\"22741649\">h\u00fcvitisele<\/a>, mis j\u00e4\u00e4b vahemikku 250\u2013600 eurot, s\u00f5ltuvalt lennu pikkusest. T\u00fchistamise korral saab valida piletiraha tagastamise, marsruudi muutmise v\u00f5i tagasilennu. <\/p>\n<p>Lisaks peab <a rel=\"noopener nofollow\" target=\"_blank\" href=\"https:\/\/www.delfi.ee\/teema\/64113575\/lennufirma\" tag-id=\"64113575\">lennufirma<\/a> pakkuma lennujaamas abi \u2013 toitu, jooke ja vajadusel majutust, kui uus lend toimub alles j\u00e4rgmisel p\u00e4eval.<\/p>\n<p>Need \u00f5igused kehtivad ka halva ilma korral, v\u00e4lja arvatud juhul, kui tegemist on nn erakorraliste asjaoludega. Sellisteks loetakse \u00e4\u00e4rmuslikud ja ebatavalised s\u00fcndmused, nagu tugevad tormid, orkaanid v\u00f5i vulkaanilise tuha pilved. N\u00e4iteks lumesadu Alpide piirkonnas talvel ei ole erakorraline, kuid lumetorm Kanaari saartel oleks.<\/p>\n<p>Kui lend hilineb v\u00f5i t\u00fchistatakse varasema lennu ilmastikuprobleemide t\u00f5ttu, ei loeta seda automaatselt erakorraliseks \u2013 m\u00f5jutatud peab olema konkreetne lend. <\/p>\n<p>Reisikindlustus v\u00f5ib katta halva ilmaga seotud viivitusi v\u00f5i \u00fchenduslendudest mahaj\u00e4\u00e4mist, s\u00f5ltuvalt poliisi tingimustest. Tavaliselt peab viivitus olema v\u00e4hemalt kolm tundi ning kulud \u2013 n\u00e4iteks toitlustus ja majutus \u2013 tuleb dokumentidega t\u00f5endada.<\/p>\n<p>Reisi t\u00e4ielik t\u00fchistamine v\u00f5ib olla v\u00f5imalik, kui lend hilineb \u00fcle 12 tunni v\u00f5i kui sihtkohas muutub majutus tormi t\u00f5ttu elamisk\u00f5lbmatuks. Oluline on aga, et kindlustus oleks ostetud enne \u00e4\u00e4rmusliku ilmastikun\u00e4htuse avalikuks teatamist.<\/p>\n<p>Kuidas see lugu Sind end tundma pani? Saada <a href=\"https:\/\/reisijuht.delfi.ee\/artikkel\/120428430\/mis-on-reisija-oigused-kui-lend-talvise-ilma-tottu-hilineb-voi-lausa-tuhistatakse\/kommentaarid\" class=\"article-body-bottom__comment article-body-bottom__comment--write button button--primary button--size-auto\" rel=\"nofollow noopener\" target=\"_blank\"> Kommenteeri <\/a><a href=\"https:\/\/reisijuht.delfi.ee\/artikkel\/120428430\/mis-on-reisija-oigused-kui-lend-talvise-ilma-tottu-hilineb-voi-lausa-tuhistatakse\/kommentaarid\" class=\"article-body-bottom__comment article-body-bottom__comment--read button button--size-auto\" rel=\"nofollow noopener\" target=\"_blank\"> Loe kommentaare <\/a><\/p>\n","protected":false},"excerpt":{"rendered":"Hollandis t\u00fchistati Amsterdami Schipholi lennujaamas lume ja tugeva tuule t\u00f5ttu \u00fche p\u00e4eva jooksul \u00fcle 700 lennu. Lennujaam hoiatas,&hellip;\n","protected":false},"author":2,"featured_media":81664,"comment_status":"","ping_status":"","sticky":false,"template":"","format":"standard","meta":{"footnotes":"","_share_on_mastodon":"0"},"categories":[14],"tags":[131,130,37,33,35,34,36,112,1764,1769,1768,1250],"class_list":["post-81663","post","type-post","status-publish","format-standard","has-post-thumbnail","category-ari","tag-ari","tag-business","tag-ee","tag-eesti","tag-eesti-keel","tag-estonia","tag-estonian","tag-euroopa","tag-huvitis","tag-lennufirma","tag-lennureis","tag-reisimine"],"share_on_mastodon":{"url":"https:\/\/pubeurope.com\/@ee\/115865683422066546","error":""},"_links":{"self":[{"href":"https:\/\/www.europesays.com\/ee\/wp-json\/wp\/v2\/posts\/81663","targetHints":{"allow":["GET"]}}],"collection":[{"href":"https:\/\/www.europesays.com\/ee\/wp-json\/wp\/v2\/posts"}],"about":[{"href":"https:\/\/www.europesays.com\/ee\/wp-json\/wp\/v2\/types\/post"}],"author":[{"embeddable":true,"href":"https:\/\/www.europesays.com\/ee\/wp-json\/wp\/v2\/users\/2"}],"replies":[{"embeddable":true,"href":"https:\/\/www.europesays.com\/ee\/wp-json\/wp\/v2\/comments?post=81663"}],"version-history":[{"count":0,"href":"https:\/\/www.europesays.com\/ee\/wp-json\/wp\/v2\/posts\/81663\/revisions"}],"wp:featuredmedia":[{"embeddable":true,"href":"https:\/\/www.europesays.com\/ee\/wp-json\/wp\/v2\/media\/81664"}],"wp:attachment":[{"href":"https:\/\/www.europesays.com\/ee\/wp-json\/wp\/v2\/media?parent=81663"}],"wp:term":[{"taxonomy":"category","embeddable":true,"href":"https:\/\/www.europesays.com\/ee\/wp-json\/wp\/v2\/categories?post=81663"},{"taxonomy":"post_tag","embeddable":true,"href":"https:\/\/www.europesays.com\/ee\/wp-json\/wp\/v2\/tags?post=81663"}],"curies":[{"name":"wp","href":"https:\/\/api.w.org\/{rel}","templated":true}]}}