{"id":81840,"date":"2026-01-09T18:40:09","date_gmt":"2026-01-09T18:40:09","guid":{"rendered":"https:\/\/www.europesays.com\/ee\/81840\/"},"modified":"2026-01-09T18:40:09","modified_gmt":"2026-01-09T18:40:09","slug":"rae-valla-eralasteaia-juht-kui-vald-lopetab-vanemate-toetamise-narbume-kiirelt","status":"publish","type":"post","link":"https:\/\/www.europesays.com\/ee\/81840\/","title":{"rendered":"Rae valla eralasteaia juht: kui vald l\u00f5petab vanemate toetamise, n\u00e4rbume kiirelt"},"content":{"rendered":"<p><img decoding=\"async\" src=\"https:\/\/www.europesays.com\/ee\/wp-content\/uploads\/2026\/01\/b2bb8940-c498-11eb-a4dd-87b6ae0f9a17.jpg\" loading=\"lazy\" alt=\"Rae valla pereisa s\u00f5nul t\u00e4hendaks valla pakutava eralasteaias k\u00e4imise toetuse kaotamine seda, et tuleks kohast loobuda, kuigi lapsele meeldib erip\u00e4rases lasteaias k\u00e4ia. Pilt on illustreeriv.\"\/><\/p>\n<p>Rae valla pereisa s\u00f5nul t\u00e4hendaks valla pakutava eralasteaias k\u00e4imise toetuse kaotamine seda, et tuleks kohast loobuda, kuigi lapsele meeldib erip\u00e4rases lasteaias k\u00e4ia. Pilt on illustreeriv.<\/p>\n<p>FOTO: Tanel Meos| Delfi Meedia<\/p>\n<p>Peetris asuva Elupuu eralasteaia juht nentis, et lapsevanematele pakutava valla toetuse kaotamine v\u00f5ib kaaaa tuua lasteaia sulgemise.<\/p>\n","protected":false},"excerpt":{"rendered":"Rae valla pereisa s\u00f5nul t\u00e4hendaks valla pakutava eralasteaias k\u00e4imise toetuse kaotamine seda, et tuleks kohast loobuda, kuigi lapsele&hellip;\n","protected":false},"author":2,"featured_media":81841,"comment_status":"","ping_status":"","sticky":false,"template":"","format":"standard","meta":{"footnotes":"","_share_on_mastodon":"0"},"categories":[12],"tags":[26,27,37,33,35,34,36,31,32,21,28,29,40749,19,25,18351,23,24,22,20,30],"class_list":["post-81840","post","type-post","status-publish","format-standard","has-post-thumbnail","category-eesti","tag-breaking-news","tag-breakingnews","tag-ee","tag-eesti","tag-eesti-keel","tag-estonia","tag-estonian","tag-featured-news","tag-featurednews","tag-headlines","tag-latest-news","tag-latestnews","tag-mario-kadastik","tag-news","tag-populaarseimad-lood","tag-rae","tag-top-stories","tag-topstories","tag-uldised-uudised","tag-uudised","tag-viimased-uudised"],"share_on_mastodon":{"url":"https:\/\/pubeurope.com\/@ee\/115866607637615852","error":""},"_links":{"self":[{"href":"https:\/\/www.europesays.com\/ee\/wp-json\/wp\/v2\/posts\/81840","targetHints":{"allow":["GET"]}}],"collection":[{"href":"https:\/\/www.europesays.com\/ee\/wp-json\/wp\/v2\/posts"}],"about":[{"href":"https:\/\/www.europesays.com\/ee\/wp-json\/wp\/v2\/types\/post"}],"author":[{"embeddable":true,"href":"https:\/\/www.europesays.com\/ee\/wp-json\/wp\/v2\/users\/2"}],"replies":[{"embeddable":true,"href":"https:\/\/www.europesays.com\/ee\/wp-json\/wp\/v2\/comments?post=81840"}],"version-history":[{"count":0,"href":"https:\/\/www.europesays.com\/ee\/wp-json\/wp\/v2\/posts\/81840\/revisions"}],"wp:featuredmedia":[{"embeddable":true,"href":"https:\/\/www.europesays.com\/ee\/wp-json\/wp\/v2\/media\/81841"}],"wp:attachment":[{"href":"https:\/\/www.europesays.com\/ee\/wp-json\/wp\/v2\/media?parent=81840"}],"wp:term":[{"taxonomy":"category","embeddable":true,"href":"https:\/\/www.europesays.com\/ee\/wp-json\/wp\/v2\/categories?post=81840"},{"taxonomy":"post_tag","embeddable":true,"href":"https:\/\/www.europesays.com\/ee\/wp-json\/wp\/v2\/tags?post=81840"}],"curies":[{"name":"wp","href":"https:\/\/api.w.org\/{rel}","templated":true}]}}