{"id":82108,"date":"2026-01-10T08:24:10","date_gmt":"2026-01-10T08:24:10","guid":{"rendered":"https:\/\/www.europesays.com\/ee\/82108\/"},"modified":"2026-01-10T08:24:10","modified_gmt":"2026-01-10T08:24:10","slug":"turist-motle-jarele-montmartreile-kanaaridele-ja-antarktikasse-puhkusele-tikkuda-ei-tasu","status":"publish","type":"post","link":"https:\/\/www.europesays.com\/ee\/82108\/","title":{"rendered":"Turist, m\u00f5tle j\u00e4rele! Montmartre\u00b4ile, Kanaaridele ja Antarktikasse puhkusele tikkuda ei tasu"},"content":{"rendered":"<p class=\"p1\">Fodor\u2019s Travel koostab igal aastal nimekirja sihtkohtadest, mille asemel v\u00f5iksid turistid kaaluda m\u00f5ne muu paiga k\u00fclastamist, sest nende puhkusel on kohalikele elanikele ja loodusele liiga suur m\u00f5ju. Seda loetelu kutsutakse Fodor\u2019si ei-nimekirjaks, millesse on t\u00e4navu lisatud Kanaari saared.  <\/p>\n<p class=\"p1\">Mullu mais marssisid <a rel=\"noopener nofollow\" target=\"_blank\" href=\"https:\/\/www.delfi.ee\/teema\/56936500\/tenerife\" tag-id=\"56936500\">Tenerife<\/a>, Gran Canaria ja Lanzarote t\u00e4navatel tuhanded meeleavaldajad. Kohalikud elanikud kandsid loosungit \u201e<a rel=\"noopener nofollow\" target=\"_blank\" href=\"https:\/\/www.delfi.ee\/teema\/66257618\/kanaarid\" tag-id=\"66257618\">Kanaaridel<\/a> on piirid\u201c. Kuigi turism annab <a rel=\"noopener nofollow\" target=\"_blank\" href=\"https:\/\/www.delfi.ee\/teema\/23167029\/hispaania\" tag-id=\"23167029\">Hispaania<\/a> autonoomse piirkonna sisemajanduse kogutoodangust \u00fcle kolmandiku ja t\u00f6\u00f6d umbes 40% elanikele, on sellel edul r\u00e4nk hind.<\/p>\n<p>Oled juba tellija?Logi sisse<\/p>\n<p><a href=\"https:\/\/www.delfi.ee\/artikkel\/120427899\/turist-motle-jarele-montmartre-ile-kanaaridele-ja-antarktikasse-puhkusele-tikkuda-ei-tasu\/kommentaarid\" class=\"article-body-bottom__comment article-body-bottom__comment--write button button--primary button--size-auto\" rel=\"nofollow noopener\" target=\"_blank\"> Kommenteeri <\/a><a href=\"https:\/\/www.delfi.ee\/artikkel\/120427899\/turist-motle-jarele-montmartre-ile-kanaaridele-ja-antarktikasse-puhkusele-tikkuda-ei-tasu\/kommentaarid\" class=\"article-body-bottom__comment article-body-bottom__comment--read button button--size-auto\" rel=\"nofollow noopener\" target=\"_blank\"> Loe kommentaare (12)<\/a><\/p>\n","protected":false},"excerpt":{"rendered":"Fodor\u2019s Travel koostab igal aastal nimekirja sihtkohtadest, mille asemel v\u00f5iksid turistid kaaluda m\u00f5ne muu paiga k\u00fclastamist, sest nende&hellip;\n","protected":false},"author":2,"featured_media":82109,"comment_status":"","ping_status":"","sticky":false,"template":"","format":"standard","meta":{"footnotes":"","_share_on_mastodon":"0"},"categories":[80],"tags":[18949,27222,26872,26,27,37,33,35,34,36,31,32,40884,40885,21,110,40886,40887,15505,23029,28,29,95,28510,40888,40883,19,25,10251,23,24,22,20,30,92,93,94],"class_list":["post-82108","post","type-post","status-publish","format-standard","has-post-thumbnail","category-maailm","tag-airbnb","tag-antarktika","tag-booking-com","tag-breaking-news","tag-breakingnews","tag-ee","tag-eesti","tag-eesti-keel","tag-estonia","tag-estonian","tag-featured-news","tag-featurednews","tag-fodors-travel","tag-glacieri-rahvuspark","tag-headlines","tag-hispaania","tag-isola-sacra","tag-jungfrau","tag-kanaari-saared","tag-kanaarid","tag-latest-news","tag-latestnews","tag-maailm","tag-mexico-city","tag-mombasa","tag-montmartre","tag-news","tag-populaarseimad-lood","tag-tenerife","tag-top-stories","tag-topstories","tag-uldised-uudised","tag-uudised","tag-viimased-uudised","tag-world","tag-world-news","tag-worldnews"],"share_on_mastodon":{"url":"","error":"Validation failed: Text character limit of 500 exceeded"},"_links":{"self":[{"href":"https:\/\/www.europesays.com\/ee\/wp-json\/wp\/v2\/posts\/82108","targetHints":{"allow":["GET"]}}],"collection":[{"href":"https:\/\/www.europesays.com\/ee\/wp-json\/wp\/v2\/posts"}],"about":[{"href":"https:\/\/www.europesays.com\/ee\/wp-json\/wp\/v2\/types\/post"}],"author":[{"embeddable":true,"href":"https:\/\/www.europesays.com\/ee\/wp-json\/wp\/v2\/users\/2"}],"replies":[{"embeddable":true,"href":"https:\/\/www.europesays.com\/ee\/wp-json\/wp\/v2\/comments?post=82108"}],"version-history":[{"count":0,"href":"https:\/\/www.europesays.com\/ee\/wp-json\/wp\/v2\/posts\/82108\/revisions"}],"wp:featuredmedia":[{"embeddable":true,"href":"https:\/\/www.europesays.com\/ee\/wp-json\/wp\/v2\/media\/82109"}],"wp:attachment":[{"href":"https:\/\/www.europesays.com\/ee\/wp-json\/wp\/v2\/media?parent=82108"}],"wp:term":[{"taxonomy":"category","embeddable":true,"href":"https:\/\/www.europesays.com\/ee\/wp-json\/wp\/v2\/categories?post=82108"},{"taxonomy":"post_tag","embeddable":true,"href":"https:\/\/www.europesays.com\/ee\/wp-json\/wp\/v2\/tags?post=82108"}],"curies":[{"name":"wp","href":"https:\/\/api.w.org\/{rel}","templated":true}]}}