{"id":82133,"date":"2026-01-10T09:31:07","date_gmt":"2026-01-10T09:31:07","guid":{"rendered":"https:\/\/www.europesays.com\/ee\/82133\/"},"modified":"2026-01-10T09:31:07","modified_gmt":"2026-01-10T09:31:07","slug":"juhtkiri-%e2%9f%a9-noorte-huvi-tuleb-ergutada","status":"publish","type":"post","link":"https:\/\/www.europesays.com\/ee\/82133\/","title":{"rendered":"JUHTKIRI \u27e9 Noorte huvi tuleb ergutada"},"content":{"rendered":"<p>Millegi vastu peale telefonis skrollimise nad huvi ei tunne ning \u00fcle\u00fcldse on tegemist \u00f5rnahingeliste lumehelbekestega, kes p\u00e4ris elus hakkama ei saa.<\/p>\n<p>Jah, kindlasti leidub ka selliseid noori, \u00f5nneks on aga ka teistsuguseid: aktiivseid ja teadmishimulisi, kes tahavad uusi oskusi \u00f5ppida ega pelga seejuures k\u00e4si m\u00e4\u00e4rida. Kui vaid leiduks v\u00f5imalusi seda teha!<\/p>\n<p>Valjalas on selline koht olemas: viie aasta eest loodud noorte tehnikaklubi ehk Kiired Putukad, mille ringides l\u00f5i mullu kaasa \u00fcle kahesaja poisi-t\u00fcdruku. Seega pole tehnikahuvilisi noori meil Saaremaal sugugi v\u00e4he! Jaguks vaid missioonitundega t\u00e4iskasvanuid, kes noori \u00f5petada-juhendada viitsiksid. Ning jaguks ka raha, et noorte jaoks tehnikat osta. Mingite n\u00f5ukaaegsete romude abil ju ajakohaseid oskusi ei omanda.<\/p>\n<p>Loodetavasti leiavad valla v\u00f5imu juures asuvad otsustajad, et klubi soovitud toetus \u2013 15 500 eurot \u2013 pole liiga suur. Et s\u00f5nad Saaremaa laste ja noorte v\u00e4\u00e4rtustamisest ei j\u00e4\u00e4ks pelgalt s\u00f5nadeks.<\/p>\n","protected":false},"excerpt":{"rendered":"Millegi vastu peale telefonis skrollimise nad huvi ei tunne ning \u00fcle\u00fcldse on tegemist \u00f5rnahingeliste lumehelbekestega, kes p\u00e4ris elus&hellip;\n","protected":false},"author":2,"featured_media":82134,"comment_status":"","ping_status":"","sticky":false,"template":"","format":"standard","meta":{"footnotes":"","_share_on_mastodon":"0"},"categories":[12],"tags":[26,27,37,33,35,34,36,31,32,21,40912,28,29,40914,19,1218,25,948,40911,23,24,22,20,40913,30],"class_list":["post-82133","post","type-post","status-publish","format-standard","has-post-thumbnail","category-eesti","tag-breaking-news","tag-breakingnews","tag-ee","tag-eesti","tag-eesti-keel","tag-estonia","tag-estonian","tag-featured-news","tag-featurednews","tag-headlines","tag-kiired-putukad","tag-latest-news","tag-latestnews","tag-missioonitundega-taiskasvanud","tag-news","tag-noored","tag-populaarseimad-lood","tag-saaremaa","tag-tehnikaklubi","tag-top-stories","tag-topstories","tag-uldised-uudised","tag-uudised","tag-valjala","tag-viimased-uudised"],"share_on_mastodon":{"url":"https:\/\/pubeurope.com\/@ee\/115870111001521944","error":""},"_links":{"self":[{"href":"https:\/\/www.europesays.com\/ee\/wp-json\/wp\/v2\/posts\/82133","targetHints":{"allow":["GET"]}}],"collection":[{"href":"https:\/\/www.europesays.com\/ee\/wp-json\/wp\/v2\/posts"}],"about":[{"href":"https:\/\/www.europesays.com\/ee\/wp-json\/wp\/v2\/types\/post"}],"author":[{"embeddable":true,"href":"https:\/\/www.europesays.com\/ee\/wp-json\/wp\/v2\/users\/2"}],"replies":[{"embeddable":true,"href":"https:\/\/www.europesays.com\/ee\/wp-json\/wp\/v2\/comments?post=82133"}],"version-history":[{"count":0,"href":"https:\/\/www.europesays.com\/ee\/wp-json\/wp\/v2\/posts\/82133\/revisions"}],"wp:featuredmedia":[{"embeddable":true,"href":"https:\/\/www.europesays.com\/ee\/wp-json\/wp\/v2\/media\/82134"}],"wp:attachment":[{"href":"https:\/\/www.europesays.com\/ee\/wp-json\/wp\/v2\/media?parent=82133"}],"wp:term":[{"taxonomy":"category","embeddable":true,"href":"https:\/\/www.europesays.com\/ee\/wp-json\/wp\/v2\/categories?post=82133"},{"taxonomy":"post_tag","embeddable":true,"href":"https:\/\/www.europesays.com\/ee\/wp-json\/wp\/v2\/tags?post=82133"}],"curies":[{"name":"wp","href":"https:\/\/api.w.org\/{rel}","templated":true}]}}