{"id":82497,"date":"2026-01-10T21:47:48","date_gmt":"2026-01-10T21:47:48","guid":{"rendered":"https:\/\/www.europesays.com\/ee\/82497\/"},"modified":"2026-01-10T21:47:48","modified_gmt":"2026-01-10T21:47:48","slug":"kes-on-jargmine-nimekiri-riikidest-kellel-on-pohjust-trumpi-runnakut-karta","status":"publish","type":"post","link":"https:\/\/www.europesays.com\/ee\/82497\/","title":{"rendered":"Kes on j\u00e4rgmine? Nimekiri riikidest, kellel on p\u00f5hjust Trumpi r\u00fcnnakut karta"},"content":{"rendered":"<p><img decoding=\"async\" src=\"https:\/\/www.europesays.com\/ee\/wp-content\/uploads\/2026\/01\/05c83651-66b0-4527-bcda-bb5103051a94.jpg\" loading=\"lazy\" alt=\"\u201eVajaduse korral ei k\u00f5hkle ma kunagi j\u00f5udu kasutamast,\u201c lubas Trump L\u00e4his-Idas teenivatele s\u00f5duritele mais peetud k\u00f5nes. \"\/><\/p>\n<p>\u201eVajaduse korral ei k\u00f5hkle ma kunagi j\u00f5udu kasutamast,\u201c lubas Trump L\u00e4his-Idas teenivatele s\u00f5duritele mais peetud k\u00f5nes. <\/p>\n<p>FOTO: BRENDAN SMIALOWSKI| AFP<\/p>\n<p class=\"western\">Mullu <a rel=\"noopener nofollow\" target=\"_blank\" href=\"https:\/\/www.delfi.ee\/teema\/24129493\/iraan\" tag-id=\"24129493\">Iraani<\/a> tuumaprogrammi pihta antud \u00f5hul\u00f6\u00f6gid ja hiljutine r\u00fcnnak <a rel=\"noopener nofollow\" target=\"_blank\" href=\"https:\/\/www.delfi.ee\/teema\/31263103\/venezuela\" tag-id=\"31263103\">Venezuela<\/a> presidendi kinniv\u00f5tmiseks kinnitasid <a rel=\"noopener nofollow\" target=\"_blank\" href=\"https:\/\/www.delfi.ee\/teema\/32758637\/donald-trump\" tag-id=\"32758637\">Donald Trumpi<\/a> veendumust, et v\u00f5itjate \u00fcle kohut ei m\u00f5isteta. Siin on loetelu riikidest, kes v\u00f5ivad j\u00e4rgmiseks <a rel=\"noopener nofollow\" target=\"_blank\" href=\"https:\/\/www.delfi.ee\/teema\/22971743\/usa\" tag-id=\"22971743\">USA<\/a> relvaj\u00f5udude sihikul olla, alustades k\u00f5ige t\u00f5en\u00e4olisematest.<\/p>\n","protected":false},"excerpt":{"rendered":"\u201eVajaduse korral ei k\u00f5hkle ma kunagi j\u00f5udu kasutamast,\u201c lubas Trump L\u00e4his-Idas teenivatele s\u00f5duritele mais peetud k\u00f5nes. FOTO: BRENDAN&hellip;\n","protected":false},"author":2,"featured_media":82498,"comment_status":"","ping_status":"","sticky":false,"template":"","format":"standard","meta":{"footnotes":"","_share_on_mastodon":"0"},"categories":[80],"tags":[36626,41076,26,27,15984,12907,324,37,33,35,34,36,31,32,2409,14625,21,1925,9585,3345,28,29,95,6718,41075,19,10382,25,264,23,24,22,325,20,3344,30,92,93,94],"class_list":["post-82497","post","type-post","status-publish","format-standard","has-post-thumbnail","category-maailm","tag-boko-haram","tag-bola-tinubu","tag-breaking-news","tag-breakingnews","tag-claudia-sheinbaum","tag-colombia-kolumbia","tag-donald-trump","tag-ee","tag-eesti","tag-eesti-keel","tag-estonia","tag-estonian","tag-featured-news","tag-featurednews","tag-groonimaa","tag-gustavo-petro","tag-headlines","tag-iraan","tag-islamiriik","tag-kuuba","tag-latest-news","tag-latestnews","tag-maailm","tag-mehhiko","tag-narkokartellid","tag-news","tag-nigeeria","tag-populaarseimad-lood","tag-taani","tag-top-stories","tag-topstories","tag-uldised-uudised","tag-usa","tag-uudised","tag-venezuela","tag-viimased-uudised","tag-world","tag-world-news","tag-worldnews"],"share_on_mastodon":{"url":"","error":"Validation failed: Text character limit of 500 exceeded"},"_links":{"self":[{"href":"https:\/\/www.europesays.com\/ee\/wp-json\/wp\/v2\/posts\/82497","targetHints":{"allow":["GET"]}}],"collection":[{"href":"https:\/\/www.europesays.com\/ee\/wp-json\/wp\/v2\/posts"}],"about":[{"href":"https:\/\/www.europesays.com\/ee\/wp-json\/wp\/v2\/types\/post"}],"author":[{"embeddable":true,"href":"https:\/\/www.europesays.com\/ee\/wp-json\/wp\/v2\/users\/2"}],"replies":[{"embeddable":true,"href":"https:\/\/www.europesays.com\/ee\/wp-json\/wp\/v2\/comments?post=82497"}],"version-history":[{"count":0,"href":"https:\/\/www.europesays.com\/ee\/wp-json\/wp\/v2\/posts\/82497\/revisions"}],"wp:featuredmedia":[{"embeddable":true,"href":"https:\/\/www.europesays.com\/ee\/wp-json\/wp\/v2\/media\/82498"}],"wp:attachment":[{"href":"https:\/\/www.europesays.com\/ee\/wp-json\/wp\/v2\/media?parent=82497"}],"wp:term":[{"taxonomy":"category","embeddable":true,"href":"https:\/\/www.europesays.com\/ee\/wp-json\/wp\/v2\/categories?post=82497"},{"taxonomy":"post_tag","embeddable":true,"href":"https:\/\/www.europesays.com\/ee\/wp-json\/wp\/v2\/tags?post=82497"}],"curies":[{"name":"wp","href":"https:\/\/api.w.org\/{rel}","templated":true}]}}