{"id":82831,"date":"2026-01-11T14:27:17","date_gmt":"2026-01-11T14:27:17","guid":{"rendered":"https:\/\/www.europesays.com\/ee\/82831\/"},"modified":"2026-01-11T14:27:17","modified_gmt":"2026-01-11T14:27:17","slug":"bitcoini-etf-id-uletavad-kulla-vastuvotmist-600-kahe-aasta-jooksul-tradfis-bitcoin-com-news","status":"publish","type":"post","link":"https:\/\/www.europesays.com\/ee\/82831\/","title":{"rendered":"Bitcoini ETF-id \u00fcletavad kulla vastuv\u00f5tmist 600% kahe aasta jooksul TradFi&#039;s. &#8211; Bitcoin.com News"},"content":{"rendered":"<ol>\n<li><a href=\"https:\/\/news.google.com\/rss\/articles\/CBMipgFBVV95cUxQenhtSnh4dVcyTnZHTUxLR0d6clBqX3g2RFdRRGNnRGdlR0Zua2pqQkJKTjMybC1MSm5TdzUtR2pXX3ZWdHVsWTdaSWxDMVZGT0dHLVhxcmRQbUs3RS1ESE8yQnl2RHJzS21tNHpyZXY3bUxXN3JBTFlsQk5mTENpUHBOR3R0M2cwNHFVNjVuR2VRR0N2SUZ2TUFXakJ3am5EWldkOFVB?oc=5\" target=\"_blank\" rel=\"nofollow noopener\">Bitcoini ETF-id \u00fcletavad kulla vastuv\u00f5tmist 600% kahe aasta jooksul TradFi&#8217;s.<\/a>&nbsp;&nbsp;Bitcoin.com News<\/li>\n<li><a href=\"https:\/\/news.google.com\/rss\/articles\/CBMilwFBVV95cUxNazBiY0FpMVpYd2xvaUVqUnN1TzAyUHVFYVJ3Q2ZJTC1JQkN5NEJuUGdHdV9NX0syTjhZRE02dC03VkEzYTF3dFB6OGZnSXc1NE84cUlyNlV5OEFyN0RkLUFDWHNnTVNrWGxLT2tHN2RrdXRvZDhmVDNXQ0FTbGx2eGlBY0lrWFE2SzVWSHMxa2xQM1hPZFEw?oc=5\" target=\"_blank\" rel=\"nofollow noopener\">Bitcoin ETF-id pikendavad kaotuseseeriat, v\u00e4ljavool $399 miljonit<\/a>&nbsp;&nbsp;Bitcoin.com News<\/li>\n<li><a href=\"https:\/\/news.google.com\/rss\/articles\/CBMikwFBVV95cUxQQmZrMU51N3FZSG5pQi1RUzhad1pfSFczVUdqVGwzdDZ6ZWhfY296LUtwVExra1FkdXBMVm1pYk15SkNWNTlqMzNGWHdFb0o3Rjk0SWlVUGhFNUt3eGNQb3Y4R3N1WVNDT0pGVTJ5cjhDeE5Ub0NZbW9IRmtPM2NxWjdpemhLSW85a1BaTXNCMlRwajA?oc=5\" target=\"_blank\" rel=\"nofollow noopener\">Kr\u00fcptovaluuta ETF-id alustavad 2026. aastat XRP tugevuse ja BTC n\u00f5rkuse taustal<\/a>&nbsp;&nbsp;Traders Union<\/li>\n<li><a href=\"https:\/\/news.google.com\/rss\/articles\/CBMigwFBVV95cUxNQ05LcTd2bHpZLXZITE95M2dNUVJYQS11MXZURkRMZHU2U2xaVFhxUUJvMFo0OFJZYVgwZTR2U05hdDJDRkVOY0gyLUVpSjV0bUc4NTMzOVVrT1A1c2J2VUV4Vl9ESWQteHlIdkpRMXVLdVQyYnBhNW5wMklkRnVJbF9YVQ?oc=5\" target=\"_blank\" rel=\"nofollow noopener\">BlackRocki kliendid ostavad IBIT ETF-i kaudu 3,948 bitcoini v\u00e4\u00e4rtusega 372 miljonit dollarit<\/a>&nbsp;&nbsp;FinanceFeeds<\/li>\n<li><a href=\"https:\/\/news.google.com\/rss\/articles\/CBMivwFBVV95cUxPYXVNdHcxQnR6SEYzUUhLRnZRelBMbG1WUURxRXBIeHRrdHY0UzdpYUYxazJUeHgxb3BVSE1ITnV4UUUzOVpUam5QbHBfV2IzRmlvLWhRMEdGYWRQY29QaUtoamNEY1JuamdHLVFlS19aZlRWMEJ0QWtCb185a2tJbUJfSGItUFVkV0RBaXVWR0FOV2VKYkhnM3Z0WlgwMXFqVTYwNzUxczRBNkdZcjRNd0tHS093amxqSEdidUdtVQ?oc=5\" target=\"_blank\" rel=\"nofollow noopener\">Bitcoin ETF-d kaotasid 486 miljonit dollarit, samal ajal kui XRP-l on esmakordselt v\u00e4ljavoolud.<\/a>&nbsp;&nbsp;Bitcoin.com News<\/li>\n<\/ol>\n","protected":false},"excerpt":{"rendered":"Bitcoini ETF-id \u00fcletavad kulla vastuv\u00f5tmist 600% kahe aasta jooksul TradFi&#8217;s.&nbsp;&nbsp;Bitcoin.com News Bitcoin ETF-id pikendavad kaotuseseeriat, v\u00e4ljavool $399 miljonit&nbsp;&nbsp;Bitcoin.com&hellip;\n","protected":false},"author":2,"featured_media":82832,"comment_status":"","ping_status":"","sticky":false,"template":"","format":"standard","meta":{"footnotes":"","_share_on_mastodon":"0"},"categories":[14],"tags":[131,3001,17400,8036,130,37,33,35,34,36,8038],"class_list":["post-82831","post","type-post","status-publish","format-standard","has-post-thumbnail","category-ari","tag-ari","tag-bitcoin-btc","tag-bitwise","tag-bullish","tag-business","tag-ee","tag-eesti","tag-eesti-keel","tag-estonia","tag-estonian","tag-prediction"],"share_on_mastodon":{"url":"https:\/\/pubeurope.com\/@ee\/115876937296796847","error":""},"_links":{"self":[{"href":"https:\/\/www.europesays.com\/ee\/wp-json\/wp\/v2\/posts\/82831","targetHints":{"allow":["GET"]}}],"collection":[{"href":"https:\/\/www.europesays.com\/ee\/wp-json\/wp\/v2\/posts"}],"about":[{"href":"https:\/\/www.europesays.com\/ee\/wp-json\/wp\/v2\/types\/post"}],"author":[{"embeddable":true,"href":"https:\/\/www.europesays.com\/ee\/wp-json\/wp\/v2\/users\/2"}],"replies":[{"embeddable":true,"href":"https:\/\/www.europesays.com\/ee\/wp-json\/wp\/v2\/comments?post=82831"}],"version-history":[{"count":0,"href":"https:\/\/www.europesays.com\/ee\/wp-json\/wp\/v2\/posts\/82831\/revisions"}],"wp:featuredmedia":[{"embeddable":true,"href":"https:\/\/www.europesays.com\/ee\/wp-json\/wp\/v2\/media\/82832"}],"wp:attachment":[{"href":"https:\/\/www.europesays.com\/ee\/wp-json\/wp\/v2\/media?parent=82831"}],"wp:term":[{"taxonomy":"category","embeddable":true,"href":"https:\/\/www.europesays.com\/ee\/wp-json\/wp\/v2\/categories?post=82831"},{"taxonomy":"post_tag","embeddable":true,"href":"https:\/\/www.europesays.com\/ee\/wp-json\/wp\/v2\/tags?post=82831"}],"curies":[{"name":"wp","href":"https:\/\/api.w.org\/{rel}","templated":true}]}}