{"id":83035,"date":"2026-01-11T22:18:07","date_gmt":"2026-01-11T22:18:07","guid":{"rendered":"https:\/\/www.europesays.com\/ee\/83035\/"},"modified":"2026-01-11T22:18:07","modified_gmt":"2026-01-11T22:18:07","slug":"minister-liisa-pakosta-sattus-skandaalse-metsaseaduse-eelnou-tottu-kahvlisse","status":"publish","type":"post","link":"https:\/\/www.europesays.com\/ee\/83035\/","title":{"rendered":"Minister Liisa Pakosta sattus skandaalse metsaseaduse eeln\u00f5u t\u00f5ttu kahvlisse"},"content":{"rendered":"<p>Pakosta k\u00e4ivitas novembris probleemsetele eeln\u00f5udele veto panemise kampaania. Ta saatis k\u00f5igile ministeeriumidele ringkirja, milles toonitas: \u00abJustiits- ja digiministeerium muudab edaspidi enda praktikat seaduseeln\u00f5ude koosk\u00f5lastamisel. Eeln\u00f5ud, milles n\u00e4eme olulisi sisulisi probleeme v\u00f5i mille seletuskirjas esineb ohtralt puudusi, j\u00e4\u00e4vad edaspidi koosk\u00f5lastamata.\u00bb<\/p>\n","protected":false},"excerpt":{"rendered":"Pakosta k\u00e4ivitas novembris probleemsetele eeln\u00f5udele veto panemise kampaania. Ta saatis k\u00f5igile ministeeriumidele ringkirja, milles toonitas: \u00abJustiits- ja digiministeerium&hellip;\n","protected":false},"author":2,"featured_media":83036,"comment_status":"","ping_status":"","sticky":false,"template":"","format":"standard","meta":{"footnotes":"","_share_on_mastodon":"0"},"categories":[12],"tags":[2338,26,27,37,33,35,34,36,31,32,21,3081,28,29,2860,15881,19,25,23,24,22,20,30],"class_list":["post-83035","post","type-post","status-publish","format-standard","has-post-thumbnail","category-eesti","tag-andres-sutt","tag-breaking-news","tag-breakingnews","tag-ee","tag-eesti","tag-eesti-keel","tag-estonia","tag-estonian","tag-featured-news","tag-featurednews","tag-headlines","tag-kliimaministeerium","tag-latest-news","tag-latestnews","tag-liisa-pakosta","tag-metsaseadus","tag-news","tag-populaarseimad-lood","tag-top-stories","tag-topstories","tag-uldised-uudised","tag-uudised","tag-viimased-uudised"],"share_on_mastodon":{"url":"https:\/\/pubeurope.com\/@ee\/115878789258638665","error":""},"_links":{"self":[{"href":"https:\/\/www.europesays.com\/ee\/wp-json\/wp\/v2\/posts\/83035","targetHints":{"allow":["GET"]}}],"collection":[{"href":"https:\/\/www.europesays.com\/ee\/wp-json\/wp\/v2\/posts"}],"about":[{"href":"https:\/\/www.europesays.com\/ee\/wp-json\/wp\/v2\/types\/post"}],"author":[{"embeddable":true,"href":"https:\/\/www.europesays.com\/ee\/wp-json\/wp\/v2\/users\/2"}],"replies":[{"embeddable":true,"href":"https:\/\/www.europesays.com\/ee\/wp-json\/wp\/v2\/comments?post=83035"}],"version-history":[{"count":0,"href":"https:\/\/www.europesays.com\/ee\/wp-json\/wp\/v2\/posts\/83035\/revisions"}],"wp:featuredmedia":[{"embeddable":true,"href":"https:\/\/www.europesays.com\/ee\/wp-json\/wp\/v2\/media\/83036"}],"wp:attachment":[{"href":"https:\/\/www.europesays.com\/ee\/wp-json\/wp\/v2\/media?parent=83035"}],"wp:term":[{"taxonomy":"category","embeddable":true,"href":"https:\/\/www.europesays.com\/ee\/wp-json\/wp\/v2\/categories?post=83035"},{"taxonomy":"post_tag","embeddable":true,"href":"https:\/\/www.europesays.com\/ee\/wp-json\/wp\/v2\/tags?post=83035"}],"curies":[{"name":"wp","href":"https:\/\/api.w.org\/{rel}","templated":true}]}}