{"id":83537,"date":"2026-01-12T15:13:06","date_gmt":"2026-01-12T15:13:06","guid":{"rendered":"https:\/\/www.europesays.com\/ee\/83537\/"},"modified":"2026-01-12T15:13:06","modified_gmt":"2026-01-12T15:13:06","slug":"pakid-juba-lendavad-%e2%9f%a9-selgus-et-kullerdroon-wing-on-usas-vagagi-edukas","status":"publish","type":"post","link":"https:\/\/www.europesays.com\/ee\/83537\/","title":{"rendered":"PAKID JUBA LENDAVAD \u27e9 Selgus, et kullerdroon Wing on USAs v\u00e4gagi edukas"},"content":{"rendered":"<p>Kujuta ette, et p\u00fchap\u00e4evane pannkoogitegu j\u00e4\u00e4b pooleli, sest k\u00fclmkapis haigutab munade kohal t\u00fchjus. Enne kui j\u00f5uad kingad jalga t\u00f5mmata ja poodi tormata, kostab \u00f5uest juba vaikset suminat, sest Ameerika taevas tiirutavad ringi Wingi droonid, mis vajaliku kraami minutitega kohale toovad. Ammu lubatud revolutsioon on n\u00fc\u00fcd vaikselt kohale j\u00f5udnud.<\/p>\n","protected":false},"excerpt":{"rendered":"Kujuta ette, et p\u00fchap\u00e4evane pannkoogitegu j\u00e4\u00e4b pooleli, sest k\u00fclmkapis haigutab munade kohal t\u00fchjus. Enne kui j\u00f5uad kingad jalga&hellip;\n","protected":false},"author":2,"featured_media":83538,"comment_status":"","ping_status":"","sticky":false,"template":"","format":"standard","meta":{"footnotes":"","_share_on_mastodon":"0"},"categories":[80],"tags":[35043,26,27,41529,1274,37,33,35,34,36,31,32,21,41530,41528,28,29,95,19,25,41527,23,24,22,20,30,23694,41531,92,93,94],"class_list":["post-83537","post","type-post","status-publish","format-standard","has-post-thumbnail","category-maailm","tag-atlanta","tag-breaking-news","tag-breakingnews","tag-dallas-fort-worth","tag-droonid","tag-ee","tag-eesti","tag-eesti-keel","tag-estonia","tag-estonian","tag-featured-news","tag-featurednews","tag-headlines","tag-heather-rivera","tag-kommertslennud","tag-latest-news","tag-latestnews","tag-maailm","tag-news","tag-populaarseimad-lood","tag-toidukaupade-kohaletoimetamine","tag-top-stories","tag-topstories","tag-uldised-uudised","tag-uudised","tag-viimased-uudised","tag-walmart","tag-wing","tag-world","tag-world-news","tag-worldnews"],"share_on_mastodon":{"url":"https:\/\/pubeurope.com\/@ee\/115882780471486713","error":""},"_links":{"self":[{"href":"https:\/\/www.europesays.com\/ee\/wp-json\/wp\/v2\/posts\/83537","targetHints":{"allow":["GET"]}}],"collection":[{"href":"https:\/\/www.europesays.com\/ee\/wp-json\/wp\/v2\/posts"}],"about":[{"href":"https:\/\/www.europesays.com\/ee\/wp-json\/wp\/v2\/types\/post"}],"author":[{"embeddable":true,"href":"https:\/\/www.europesays.com\/ee\/wp-json\/wp\/v2\/users\/2"}],"replies":[{"embeddable":true,"href":"https:\/\/www.europesays.com\/ee\/wp-json\/wp\/v2\/comments?post=83537"}],"version-history":[{"count":0,"href":"https:\/\/www.europesays.com\/ee\/wp-json\/wp\/v2\/posts\/83537\/revisions"}],"wp:featuredmedia":[{"embeddable":true,"href":"https:\/\/www.europesays.com\/ee\/wp-json\/wp\/v2\/media\/83538"}],"wp:attachment":[{"href":"https:\/\/www.europesays.com\/ee\/wp-json\/wp\/v2\/media?parent=83537"}],"wp:term":[{"taxonomy":"category","embeddable":true,"href":"https:\/\/www.europesays.com\/ee\/wp-json\/wp\/v2\/categories?post=83537"},{"taxonomy":"post_tag","embeddable":true,"href":"https:\/\/www.europesays.com\/ee\/wp-json\/wp\/v2\/tags?post=83537"}],"curies":[{"name":"wp","href":"https:\/\/api.w.org\/{rel}","templated":true}]}}