{"id":83632,"date":"2026-01-12T17:15:11","date_gmt":"2026-01-12T17:15:11","guid":{"rendered":"https:\/\/www.europesays.com\/ee\/83632\/"},"modified":"2026-01-12T17:15:11","modified_gmt":"2026-01-12T17:15:11","slug":"ilmaprognoos-pakane-ei-taandu-ees-on-mitu-krobedalt-kulma-paeva-maaleht","status":"publish","type":"post","link":"https:\/\/www.europesays.com\/ee\/83632\/","title":{"rendered":"ILMAPROGNOOS | Pakane ei taandu: ees on mitu kr\u00f5bedalt k\u00fclma p\u00e4eva &#8211; Maaleht"},"content":{"rendered":"<ol>\n<li><a href=\"https:\/\/news.google.com\/rss\/articles\/CBMiqwFBVV95cUxOeUlaUW1WSFNRSGxtb05sSm5aSkl6MFdxNmpDODZvQ0lRT2QwN3lLWGxva0NtakljNHQ0aHdEemxpMjRyWEw1ZWRqR21IZFk3ajlzNkhaV25qbkxDNU1qUExXRlJaUjd4VkF6clZfNmZjV2RCVlNsV3lMdUtFRWtNeGJZY2ptRk04dFIyUzFNd2tNQndRQVRVdkRhRlFsZGhQcHZfR3R1WXpMMGs?oc=5\" target=\"_blank\" rel=\"nofollow noopener\">ILMAPROGNOOS | Pakane ei taandu: ees on mitu kr\u00f5bedalt k\u00fclma p\u00e4eva<\/a>&nbsp;&nbsp;Maaleht<\/li>\n<li><a href=\"https:\/\/news.google.com\/rss\/articles\/CBMirwFBVV95cUxObzVjTDN3TFZnQlBrcFhyUUh5bmVzMmRDUjg3eTFpVlM4bHlmSDZTM282LXA5SW5xdTFZZnpYTmFWbGQyU0lRQTMzdXZQYUJiWEZpSXBNMHBaeWJxb1JFN0tyak1pQ0lfMGRsZjdjSEU5RG5ySVM2a3ZCTm5hSHlGNTlsV1owNkJTLXBCd1ctWnMyNHN0VGJ0cUR0MmNISVBPVVVQY00tVHhBZ0ZPb1cw?oc=5\" target=\"_blank\" rel=\"nofollow noopener\">N\u00c4DALA ILMAPROGNOOS \u27e9 Miinuskraadid p\u00fcsivad ja lund ei tule v\u00e4ga palju juurde<\/a>&nbsp;&nbsp;P\u00e4rnu Postimees<\/li>\n<li><a href=\"https:\/\/news.google.com\/rss\/articles\/CBMilgFBVV95cUxQWlFVNVNnVjFUc282ZU5qV294WW5xNU8xNFlSUjJsanFYX0RHRFQ3bGRwZEttc2JqbUMtbWktb0lKR3k2V3ZoZk95dVNydG1kSy03akxVOGZUS1FvUElCSEJZcjJQWll1b2RldlJza3pOTGIzWGFnaUZkeXZiOGF4YXFyenhPYkJCYXF5bGZ2M2Z1Y2thRXc?oc=5\" target=\"_blank\" rel=\"nofollow noopener\">KISUB KR\u00d5BEDAKS \u27e9 L\u00e4hip\u00e4evil tuleb kuni 25 kraadi k\u00fclma<\/a>&nbsp;&nbsp;Ilmajaam<\/li>\n<li><a href=\"https:\/\/news.google.com\/rss\/articles\/CBMidEFVX3lxTE83b2ZDSXNseVJWR25hVVQwLTBNRGZYbG1acUE5bFVSSnFuOFVtTmdVM3Q2RDdIWWhYajNjeTRqUVJ4WkRjbTVNSVBWSG5wWk1nbjAteXVVWkQ2SjVyaGJNRUd5TDVJMzZxd2V1dk9CaDVDWkFR?oc=5\" target=\"_blank\" rel=\"nofollow noopener\">Ilm l\u00e4heb k\u00fclmemaks ja p\u00fcsib talvine<\/a>&nbsp;&nbsp;ERR<\/li>\n<li><a href=\"https:\/\/news.google.com\/rss\/articles\/CBMiiAFBVV95cUxPQUx3T3d3S3p2M2FGRXNJczNCdnZTV0tsOVk5M3dfTEkxel95U0hxNUtCQzdHcGVaNENiVUJjQy03TTZDNUtzOEpoMEYzZUxmd3pUUmhGS1hRSEJZUnNjRmVpVEtjUWtKUEV5SVVnaHZGem1FM0JBaWcwc1JLWm12X2UydExNazlh?oc=5\" target=\"_blank\" rel=\"nofollow noopener\">L\u00e4hip\u00e4evil tuleb kuni 25 kraadi k\u00fclma<\/a>&nbsp;&nbsp;L\u00f5una-Eesti Postimees<\/li>\n<\/ol>\n","protected":false},"excerpt":{"rendered":"ILMAPROGNOOS | Pakane ei taandu: ees on mitu kr\u00f5bedalt k\u00fclma p\u00e4eva&nbsp;&nbsp;Maaleht N\u00c4DALA ILMAPROGNOOS \u27e9 Miinuskraadid p\u00fcsivad ja lund&hellip;\n","protected":false},"author":2,"featured_media":83633,"comment_status":"","ping_status":"","sticky":false,"template":"","format":"standard","meta":{"footnotes":"","_share_on_mastodon":"0"},"categories":[12],"tags":[26,27,37,33,35,34,36,31,32,21,668,3963,28,29,7430,19,18148,25,2578,41566,23,24,22,20,30],"class_list":["post-83632","post","type-post","status-publish","format-standard","has-post-thumbnail","category-eesti","tag-breaking-news","tag-breakingnews","tag-ee","tag-eesti","tag-eesti-keel","tag-estonia","tag-estonian","tag-featured-news","tag-featurednews","tag-headlines","tag-ilm","tag-ilmateade","tag-latest-news","tag-latestnews","tag-lorts","tag-news","tag-pakane","tag-populaarseimad-lood","tag-skandinaavia","tag-suur-pakane-2012","tag-top-stories","tag-topstories","tag-uldised-uudised","tag-uudised","tag-viimased-uudised"],"share_on_mastodon":{"url":"https:\/\/pubeurope.com\/@ee\/115883260209419805","error":""},"_links":{"self":[{"href":"https:\/\/www.europesays.com\/ee\/wp-json\/wp\/v2\/posts\/83632","targetHints":{"allow":["GET"]}}],"collection":[{"href":"https:\/\/www.europesays.com\/ee\/wp-json\/wp\/v2\/posts"}],"about":[{"href":"https:\/\/www.europesays.com\/ee\/wp-json\/wp\/v2\/types\/post"}],"author":[{"embeddable":true,"href":"https:\/\/www.europesays.com\/ee\/wp-json\/wp\/v2\/users\/2"}],"replies":[{"embeddable":true,"href":"https:\/\/www.europesays.com\/ee\/wp-json\/wp\/v2\/comments?post=83632"}],"version-history":[{"count":0,"href":"https:\/\/www.europesays.com\/ee\/wp-json\/wp\/v2\/posts\/83632\/revisions"}],"wp:featuredmedia":[{"embeddable":true,"href":"https:\/\/www.europesays.com\/ee\/wp-json\/wp\/v2\/media\/83633"}],"wp:attachment":[{"href":"https:\/\/www.europesays.com\/ee\/wp-json\/wp\/v2\/media?parent=83632"}],"wp:term":[{"taxonomy":"category","embeddable":true,"href":"https:\/\/www.europesays.com\/ee\/wp-json\/wp\/v2\/categories?post=83632"},{"taxonomy":"post_tag","embeddable":true,"href":"https:\/\/www.europesays.com\/ee\/wp-json\/wp\/v2\/tags?post=83632"}],"curies":[{"name":"wp","href":"https:\/\/api.w.org\/{rel}","templated":true}]}}