{"id":83667,"date":"2026-01-12T18:07:08","date_gmt":"2026-01-12T18:07:08","guid":{"rendered":"https:\/\/www.europesays.com\/ee\/83667\/"},"modified":"2026-01-12T18:07:08","modified_gmt":"2026-01-12T18:07:08","slug":"muinasjutu-jarsk-lopp-real-madrid-naitas-xabi-alonsole-ust-asendajaks-teine-klubi-legend-soccernet-ee","status":"publish","type":"post","link":"https:\/\/www.europesays.com\/ee\/83667\/","title":{"rendered":"Muinasjutu j\u00e4rsk l\u00f5pp: Real Madrid n\u00e4itas Xabi Alonsole ust! (asendajaks teine klubi legend) &#8211; Soccernet.ee"},"content":{"rendered":"<p><img decoding=\"async\" src=\"https:\/\/www.europesays.com\/ee\/wp-content\/uploads\/2026\/01\/1765177554.jpg\" alt=\"Xabi Alonso sai ametist priiks. Foto: Scanpix \/ Alberto Gardin \/ ZUMA Press Wire\"\/>&#13;\n<\/p>\n<p>P\u00fchap\u00e4eva \u00f5htul Hispaania superkarikafinaalis Barcelonale alla j\u00e4\u00e4nud Real Madrid andis esmasp\u00e4eva \u00f5htul teada, et on l\u00f5petanud &#8220;poolte kokkuleppel&#8221; koost\u00f6\u00f6 peatreeneri Xabi Alonsoga.<\/p>\n<p>&#8220;Xabi Alonso v\u00e4\u00e4rib igavesti k\u00f5igi madridista&#8217;de armastust ja imetlust, sest ta on Real Madridi legend ja on alati klubi v\u00e4\u00e4rtusi kandnud. Real Madrid j\u00e4\u00e4b alatiseks tema koduks. T\u00e4name Xabi Alonsot ja tema treeneriteteiimi raske t\u00f6\u00f6 ja p\u00fchendumuse eest ning soovime neile j\u00e4rgmises eluetapis edu,&#8221; seisis klubi l\u00fchikeses teadaandes.&#13;\n<\/p>\n<p>M\u00e4ngijana viis hooaega Madridi suurklubi s\u00e4rki kandnud ning nendega nii La Liga kui ka Meistrite liiga v\u00f5itnud 44-aastane Alonso asus klubi t\u00fc\u00fcri juurde alles juunis ehk sai ametis olla napilt \u00fcle poole hooaja. Tema k\u00e4e all v\u00f5ideti k\u00f5igis sarjades 34 kohtumisest 24, viigistati neli ja kaotati kuus ehk v\u00f5iduprotsent oli 70,59.&#13;\n<\/p>\n<p>Alonso lahkumise taga ei ole ainult tulemused, ehkki \u00e4sja loovutati \u00fcks karikas Barcelonale. Hispaania k\u00f5rgliigas ollakse 19 vooru j\u00e4rel teisel kohal, liidrist Barcelonast nelja punkti kaugusel. Meistrite liigas p\u00fcsitakse nelja viigi ja kahe kaotusega kaks vooru enne p\u00f5hiturniiri l\u00f5ppu samuti kaheksa parema hulgas, mis viiks otse kaheksandikfinaali. Kaotatud on seejuures 0:1 Liverpoolile ja 1:2 Manchester Cityle. Samuti on klubi j\u00e4tkuvalt konkurentsis Hispaania karikasarjas.<\/p>\n<p>K\u00fcll aga ei ole klubi juhtkond olnud juba pikemat aega rahul Alonso m\u00e4ngustiiliga, mida peetakse Real Madridi jaoks liialt kaitsest l\u00e4htuvaks. Samuti on Alonsol olnud raskusi meeskonna t\u00e4htm\u00e4ngijate egode taltsutamisega, eriti silmatorkavad on olnud tema vastuolud Vinicius Junioriga.&#13;\n<\/p>\n<blockquote class=\"twitter-tweet\"><p>&#13;<\/p>\n<p lang=\"en\" dir=\"ltr\">Official Announcement: Xabi Alonso.&#13;<br \/>\n\u2014 Real Madrid C.F. \ud83c\uddec\ud83c\udde7\ud83c\uddfa\ud83c\uddf8 (@realmadriden) <a href=\"https:\/\/twitter.com\/realmadriden\/status\/2010764713223684097?ref_src=twsrc%5Etfw\" rel=\"nofollow noopener\" target=\"_blank\">January 12, 2026<\/a><\/p>\n<\/blockquote>\n<p>Uueks peatreeneriks saab 42-aastane Alvaro Arbeloa, kes on alates juunist juhendanud Real Madridi duubelmeeskonda. Klubis t\u00f6\u00f6tab ta aga juba alates 2020. aastast, olles seni olnud ametis akadeemias. M\u00e4ngijana k\u00e4is noorteklassist esindusmeeskonda murdnud Arbeloa esmalt l\u00e4bi nii Deportivo La Corunast kui ka Liverpoolist, naastes Real Madridi ridadesse 2009. aastal ja m\u00e4ngides seal seitse hooaega.<\/p>\n<p>L\u00f5puks Reali eest 238 m\u00e4ngu kirja saanud Arbeloa v\u00f5itis klubiga kahel korral Meistrite liiga ning klubide MM-i ja UEFA Superkarika. Samuti lisandusid tema auhinnakappi La Liga tiitel ja kaks Hispaania karikat ning Hispaania superkarikas. Hispaania koondist esindas Arbeloa 56 korda, kuuludes nii 2010. aastal maailmameistriks kui ka 2008. ja 2012. aastal Euroopa meistriks kroonitud meeskonda.&#13;\n<\/p>\n<p>Esimese m\u00e4ngu Real Madridi peatreenerina peab Arbeloa juba kolmap\u00e4eva \u00f5htul, kui karikasarjas s\u00f5idetakse k\u00fclla Albacetele. Seej\u00e4rel v\u00f5\u00f5rustatakse laup\u00e4evases liigam\u00e4ngus Levantet.&#13;\n<\/p>\n<blockquote class=\"twitter-tweet\"><p>&#13;<\/p>\n<p lang=\"en\" dir=\"ltr\">\ud83d\udea8\ud83d\udca3 BREAKING: ALVARO ARBELOA TAKES OVER AS NEW REAL MADRID HEAD COACH.<\/p>\n<p>He\u2019s replacing Xabi Alonso immediately. <a href=\"https:\/\/t.co\/p2ShHatGBM\" rel=\"nofollow\">pic.twitter.com\/p2ShHatGBM<\/a>&#13;<br \/>\n\u2014 Fabrizio Romano (@FabrizioRomano) <a href=\"https:\/\/twitter.com\/FabrizioRomano\/status\/2010764141166739545?ref_src=twsrc%5Etfw\" rel=\"nofollow noopener\" target=\"_blank\">January 12, 2026<\/a><\/p>\n<\/blockquote>\n<p>          <script async src=\"https:\/\/platform.twitter.com\/widgets.js\" charset=\"utf-8\"><\/script><\/p>\n","protected":false},"excerpt":{"rendered":"&#13; P\u00fchap\u00e4eva \u00f5htul Hispaania superkarikafinaalis Barcelonale alla j\u00e4\u00e4nud Real Madrid andis esmasp\u00e4eva \u00f5htul teada, et on l\u00f5petanud &#8220;poolte&hellip;\n","protected":false},"author":2,"featured_media":83668,"comment_status":"","ping_status":"","sticky":false,"template":"","format":"standard","meta":{"footnotes":"","_share_on_mastodon":"0"},"categories":[18],"tags":[6597,41578,41579,37,33,35,34,36,110,6599,3073,609,159,158,6600],"class_list":["post-83667","post","type-post","status-publish","format-standard","has-post-thumbnail","category-sport","tag-alonso","tag-alvaro-arbeloa","tag-arbeloa","tag-ee","tag-eesti","tag-eesti-keel","tag-estonia","tag-estonian","tag-hispaania","tag-madrid","tag-real","tag-real-madrid","tag-sport","tag-sports","tag-xabi-alonso"],"share_on_mastodon":{"url":"https:\/\/pubeurope.com\/@ee\/115883464618726187","error":""},"_links":{"self":[{"href":"https:\/\/www.europesays.com\/ee\/wp-json\/wp\/v2\/posts\/83667","targetHints":{"allow":["GET"]}}],"collection":[{"href":"https:\/\/www.europesays.com\/ee\/wp-json\/wp\/v2\/posts"}],"about":[{"href":"https:\/\/www.europesays.com\/ee\/wp-json\/wp\/v2\/types\/post"}],"author":[{"embeddable":true,"href":"https:\/\/www.europesays.com\/ee\/wp-json\/wp\/v2\/users\/2"}],"replies":[{"embeddable":true,"href":"https:\/\/www.europesays.com\/ee\/wp-json\/wp\/v2\/comments?post=83667"}],"version-history":[{"count":0,"href":"https:\/\/www.europesays.com\/ee\/wp-json\/wp\/v2\/posts\/83667\/revisions"}],"wp:featuredmedia":[{"embeddable":true,"href":"https:\/\/www.europesays.com\/ee\/wp-json\/wp\/v2\/media\/83668"}],"wp:attachment":[{"href":"https:\/\/www.europesays.com\/ee\/wp-json\/wp\/v2\/media?parent=83667"}],"wp:term":[{"taxonomy":"category","embeddable":true,"href":"https:\/\/www.europesays.com\/ee\/wp-json\/wp\/v2\/categories?post=83667"},{"taxonomy":"post_tag","embeddable":true,"href":"https:\/\/www.europesays.com\/ee\/wp-json\/wp\/v2\/tags?post=83667"}],"curies":[{"name":"wp","href":"https:\/\/api.w.org\/{rel}","templated":true}]}}