{"id":83870,"date":"2026-01-12T23:03:12","date_gmt":"2026-01-12T23:03:12","guid":{"rendered":"https:\/\/www.europesays.com\/ee\/83870\/"},"modified":"2026-01-12T23:03:12","modified_gmt":"2026-01-12T23:03:12","slug":"rugodivi-kultuurimaja-uus-kunstiline-juht-sergei-romar-asub-narva-kultuurielu-edendama","status":"publish","type":"post","link":"https:\/\/www.europesays.com\/ee\/83870\/","title":{"rendered":"Rugodivi kultuurimaja uus kunstiline juht Sergei R\u00f5mar asub Narva kultuurielu edendama"},"content":{"rendered":"<p>Rugodivi direktor Sofja Homjakova \u00fctles, et pakkus seda ametikohta Sergei R\u00f5marile, kuna nad on temaga varemgi erinevates projektides koost\u00f6\u00f6d teinud. Tundes R\u00f5mari t\u00f6\u00f6ssesuhtumist ja vastutustunnet, on Homjakova kindel, et uus kunstiline juht aitab kinnistada ja tugevdada Rugodivi kui t\u00e4nap\u00e4evase ja k\u00f6itva kultuuriplatvormi mainet Narva linna elanike ja k\u00fclaliste seas.<\/p>\n","protected":false},"excerpt":{"rendered":"Rugodivi direktor Sofja Homjakova \u00fctles, et pakkus seda ametikohta Sergei R\u00f5marile, kuna nad on temaga varemgi erinevates projektides&hellip;\n","protected":false},"author":2,"featured_media":83871,"comment_status":"","ping_status":"","sticky":false,"template":"","format":"standard","meta":{"footnotes":"","_share_on_mastodon":"0"},"categories":[16],"tags":[22849,37,33,35,173,34,36,41636,37498,140,41635,41634,41633],"class_list":["post-83870","post","type-post","status-publish","format-standard","has-post-thumbnail","category-meelelahutus","tag-eduard-tee","tag-ee","tag-eesti","tag-eesti-keel","tag-entertainment","tag-estonia","tag-estonian","tag-kultuurimaja-rugodiv","tag-kunstiline-juht","tag-meelelahutus","tag-rugodivi-kultuurimaja","tag-sergei-romar","tag-sofja-homjakova"],"share_on_mastodon":{"url":"https:\/\/pubeurope.com\/@ee\/115884628629607805","error":""},"_links":{"self":[{"href":"https:\/\/www.europesays.com\/ee\/wp-json\/wp\/v2\/posts\/83870","targetHints":{"allow":["GET"]}}],"collection":[{"href":"https:\/\/www.europesays.com\/ee\/wp-json\/wp\/v2\/posts"}],"about":[{"href":"https:\/\/www.europesays.com\/ee\/wp-json\/wp\/v2\/types\/post"}],"author":[{"embeddable":true,"href":"https:\/\/www.europesays.com\/ee\/wp-json\/wp\/v2\/users\/2"}],"replies":[{"embeddable":true,"href":"https:\/\/www.europesays.com\/ee\/wp-json\/wp\/v2\/comments?post=83870"}],"version-history":[{"count":0,"href":"https:\/\/www.europesays.com\/ee\/wp-json\/wp\/v2\/posts\/83870\/revisions"}],"wp:featuredmedia":[{"embeddable":true,"href":"https:\/\/www.europesays.com\/ee\/wp-json\/wp\/v2\/media\/83871"}],"wp:attachment":[{"href":"https:\/\/www.europesays.com\/ee\/wp-json\/wp\/v2\/media?parent=83870"}],"wp:term":[{"taxonomy":"category","embeddable":true,"href":"https:\/\/www.europesays.com\/ee\/wp-json\/wp\/v2\/categories?post=83870"},{"taxonomy":"post_tag","embeddable":true,"href":"https:\/\/www.europesays.com\/ee\/wp-json\/wp\/v2\/tags?post=83870"}],"curies":[{"name":"wp","href":"https:\/\/api.w.org\/{rel}","templated":true}]}}