{"id":83960,"date":"2026-01-13T04:39:06","date_gmt":"2026-01-13T04:39:06","guid":{"rendered":"https:\/\/www.europesays.com\/ee\/83960\/"},"modified":"2026-01-13T04:39:06","modified_gmt":"2026-01-13T04:39:06","slug":"mustlas-leiti-polevast-elumajast-hukkunud-mees-2","status":"publish","type":"post","link":"https:\/\/www.europesays.com\/ee\/83960\/","title":{"rendered":"Mustlas leiti p\u00f5levast elumajast hukkunud mees"},"content":{"rendered":"<p>Viljandimaal Mustla alevikus teatati eile hilis\u00f5htul p\u00f5levast elumajast. P\u00e4\u00e4stjate saabudes olid leegid levinud maja kahele korrusele ning tungisid aknast v\u00e4lja. Suitsusukeldumise varustuses majja siseneda \u00f5nnestunud p\u00e4\u00e4stjad leidsid ligi 70-aastase mehe, kes oli juba kahjuks hukkunud.<\/p>\n<p>12. jaanuaril kell 22.23 teatati h\u00e4irekeskusele, et Viljandimaal Mustla alevikus Lembitu t\u00e4naval p\u00f5leb kahekorruseline elamu. P\u00e4\u00e4stjateni j\u00f5udis ka info, et majas v\u00f5ib olla vanem meesterahvas.<\/p>\n","protected":false},"excerpt":{"rendered":"Viljandimaal Mustla alevikus teatati eile hilis\u00f5htul p\u00f5levast elumajast. P\u00e4\u00e4stjate saabudes olid leegid levinud maja kahele korrusele ning tungisid&hellip;\n","protected":false},"author":2,"featured_media":83961,"comment_status":"","ping_status":"","sticky":false,"template":"","format":"standard","meta":{"footnotes":"","_share_on_mastodon":"0"},"categories":[12],"tags":[26,27,37,33,35,34,36,31,32,21,17610,28,29,8453,19,1959,2003,25,23,24,358,22,20,30],"class_list":["post-83960","post","type-post","status-publish","format-standard","has-post-thumbnail","category-eesti","tag-breaking-news","tag-breakingnews","tag-ee","tag-eesti","tag-eesti-keel","tag-estonia","tag-estonian","tag-featured-news","tag-featurednews","tag-headlines","tag-hukkunu","tag-latest-news","tag-latestnews","tag-mustla","tag-news","tag-paaste","tag-poleng","tag-populaarseimad-lood","tag-top-stories","tag-topstories","tag-tulekahju","tag-uldised-uudised","tag-uudised","tag-viimased-uudised"],"share_on_mastodon":{"url":"https:\/\/pubeurope.com\/@ee\/115885949846913939","error":""},"_links":{"self":[{"href":"https:\/\/www.europesays.com\/ee\/wp-json\/wp\/v2\/posts\/83960","targetHints":{"allow":["GET"]}}],"collection":[{"href":"https:\/\/www.europesays.com\/ee\/wp-json\/wp\/v2\/posts"}],"about":[{"href":"https:\/\/www.europesays.com\/ee\/wp-json\/wp\/v2\/types\/post"}],"author":[{"embeddable":true,"href":"https:\/\/www.europesays.com\/ee\/wp-json\/wp\/v2\/users\/2"}],"replies":[{"embeddable":true,"href":"https:\/\/www.europesays.com\/ee\/wp-json\/wp\/v2\/comments?post=83960"}],"version-history":[{"count":0,"href":"https:\/\/www.europesays.com\/ee\/wp-json\/wp\/v2\/posts\/83960\/revisions"}],"wp:featuredmedia":[{"embeddable":true,"href":"https:\/\/www.europesays.com\/ee\/wp-json\/wp\/v2\/media\/83961"}],"wp:attachment":[{"href":"https:\/\/www.europesays.com\/ee\/wp-json\/wp\/v2\/media?parent=83960"}],"wp:term":[{"taxonomy":"category","embeddable":true,"href":"https:\/\/www.europesays.com\/ee\/wp-json\/wp\/v2\/categories?post=83960"},{"taxonomy":"post_tag","embeddable":true,"href":"https:\/\/www.europesays.com\/ee\/wp-json\/wp\/v2\/tags?post=83960"}],"curies":[{"name":"wp","href":"https:\/\/api.w.org\/{rel}","templated":true}]}}