{"id":84443,"date":"2026-01-13T15:28:06","date_gmt":"2026-01-13T15:28:06","guid":{"rendered":"https:\/\/www.europesays.com\/ee\/84443\/"},"modified":"2026-01-13T15:28:06","modified_gmt":"2026-01-13T15:28:06","slug":"viljandimaal-laks-rein-kaduma","status":"publish","type":"post","link":"https:\/\/www.europesays.com\/ee\/84443\/","title":{"rendered":"Viljandimaal l\u00e4ks Rein kaduma"},"content":{"rendered":"<p class=\"MsoNormal\">Viimati n\u00e4hti meest 12. jaanuaril kella 18 paiku Viljandi vallas Mustla vallamaja bussipeatuses. Politsei andmeil kandis Rein musta-oran\u017eikirju t\u00f6\u00f6jopet ning tal oli kaasas valge raamiga jalgratas.<\/p>\n<p class=\"MsoNormal\">Rein on 170 sentimeetrit pikk ning tal on heledad kergelt lokkis juuksed. Telefoni tal kaasa ei olnud. Politsei on v\u00e4lja selgitanud, et mees pole meditsiiniasutuses ega tuttavate juures.<\/p>\n<p class=\"MsoNormal\">Politsei palub k\u00f5igil, kel on infot Reinu kohta, sellest teada anda h\u00e4irekeskuse numbril 112.<\/p>\n","protected":false},"excerpt":{"rendered":"Viimati n\u00e4hti meest 12. jaanuaril kella 18 paiku Viljandi vallas Mustla vallamaja bussipeatuses. Politsei andmeil kandis Rein musta-oran\u017eikirju&hellip;\n","protected":false},"author":2,"featured_media":84444,"comment_status":"","ping_status":"","sticky":false,"template":"","format":"standard","meta":{"footnotes":"","_share_on_mastodon":"0"},"categories":[12],"tags":[26,27,7917,37,33,35,34,36,31,32,21,28,29,41905,19,353,25,23,24,22,20,30,1775],"class_list":["post-84443","post","type-post","status-publish","format-standard","has-post-thumbnail","category-eesti","tag-breaking-news","tag-breakingnews","tag-bussipeatus","tag-ee","tag-eesti","tag-eesti-keel","tag-estonia","tag-estonian","tag-featured-news","tag-featurednews","tag-headlines","tag-latest-news","tag-latestnews","tag-mustla-vallamaja","tag-news","tag-politsei","tag-populaarseimad-lood","tag-top-stories","tag-topstories","tag-uldised-uudised","tag-uudised","tag-viimased-uudised","tag-viljandi-vald"],"share_on_mastodon":{"url":"https:\/\/pubeurope.com\/@ee\/115888501767562096","error":""},"_links":{"self":[{"href":"https:\/\/www.europesays.com\/ee\/wp-json\/wp\/v2\/posts\/84443","targetHints":{"allow":["GET"]}}],"collection":[{"href":"https:\/\/www.europesays.com\/ee\/wp-json\/wp\/v2\/posts"}],"about":[{"href":"https:\/\/www.europesays.com\/ee\/wp-json\/wp\/v2\/types\/post"}],"author":[{"embeddable":true,"href":"https:\/\/www.europesays.com\/ee\/wp-json\/wp\/v2\/users\/2"}],"replies":[{"embeddable":true,"href":"https:\/\/www.europesays.com\/ee\/wp-json\/wp\/v2\/comments?post=84443"}],"version-history":[{"count":0,"href":"https:\/\/www.europesays.com\/ee\/wp-json\/wp\/v2\/posts\/84443\/revisions"}],"wp:featuredmedia":[{"embeddable":true,"href":"https:\/\/www.europesays.com\/ee\/wp-json\/wp\/v2\/media\/84444"}],"wp:attachment":[{"href":"https:\/\/www.europesays.com\/ee\/wp-json\/wp\/v2\/media?parent=84443"}],"wp:term":[{"taxonomy":"category","embeddable":true,"href":"https:\/\/www.europesays.com\/ee\/wp-json\/wp\/v2\/categories?post=84443"},{"taxonomy":"post_tag","embeddable":true,"href":"https:\/\/www.europesays.com\/ee\/wp-json\/wp\/v2\/tags?post=84443"}],"curies":[{"name":"wp","href":"https:\/\/api.w.org\/{rel}","templated":true}]}}