{"id":84468,"date":"2026-01-13T15:52:06","date_gmt":"2026-01-13T15:52:06","guid":{"rendered":"https:\/\/www.europesays.com\/ee\/84468\/"},"modified":"2026-01-13T15:52:06","modified_gmt":"2026-01-13T15:52:06","slug":"marek-sadam-tunnistas-et-votab-koike-liiga-sudamesse-mulle-on-hasti-kerge-haiget-teha","status":"publish","type":"post","link":"https:\/\/www.europesays.com\/ee\/84468\/","title":{"rendered":"Marek Sadam tunnistas, et v\u00f5tab k\u00f5ike liiga s\u00fcdamesse: mulle on h\u00e4sti kerge haiget teha"},"content":{"rendered":"<p>\u201eP\u00f5en k\u00f5ikide oma l\u00e4hedaste p\u00e4rast, kui kellelegi tehakse liiga. Mulle on h\u00e4sti kerge haiget teha. Mingil hetkel on k\u00f5ik inimesed saanud s\u00f5imata v\u00f5i ka peksa, siis saad ka aru, et sina oled sina, ja sa pead ajama oma rida. Kui sa midagi tegema oled hakanud, ja mingitki sihti n\u00e4ed, siis tuleb edasi minna, sest seal metsade taga ootab sind ikkagi j\u00e4rgmine mets, aga v\u00f5ib-olla parem,\u201c r\u00e4\u00e4kis Marek.<\/p>\n<p>Marek Sadam k\u00fclastas m\u00f6\u00f6dunud aastal koos Mikk Saarega Anu V\u00e4lba stuudiot, et oma elust ja muusikast r\u00e4\u00e4kida. Muu hulgas soovis saatejuht k\u00fclalistelt teada, kuidas nad k\u00fclmadel talvekuudel oma hinge soojendavad.<\/p>\n<p>\u201eMa olen ise sellega mingi aeg v\u00e4ga kimpus olnud. Ennek\u00f5ike olen viimasel ajal soovitanud inimestel alustada iseendast \u2013 k\u00f5igepealt m\u00f5elda iseenda peale,\u201c t\u00f5des Sadam, et ennast tuleks esialgu n-\u00f6 selgeks m\u00f5elda. Seej\u00e4rel saab ka selgeid otsuseid oma ellu tuua. Ka soovitas ta inimestel teineteise vastu olla m\u00f5istvamad.<\/p>\n<p>Kuidas see lugu Sind end tundma pani? Saada <a href=\"https:\/\/kroonika.delfi.ee\/artikkel\/120429180\/marek-sadam-tunnistas-et-votab-koike-liiga-sudamesse-mulle-on-hasti-kerge-haiget-teha\/kommentaarid\" class=\"article-body-bottom__comment article-body-bottom__comment--write button button--primary button--size-auto\" rel=\"nofollow noopener\" target=\"_blank\"> Kommenteeri <\/a><a href=\"https:\/\/kroonika.delfi.ee\/artikkel\/120429180\/marek-sadam-tunnistas-et-votab-koike-liiga-sudamesse-mulle-on-hasti-kerge-haiget-teha\/kommentaarid\" class=\"article-body-bottom__comment article-body-bottom__comment--read button button--size-auto\" rel=\"nofollow noopener\" target=\"_blank\"> Loe kommentaare (5)<\/a><\/p>\n","protected":false},"excerpt":{"rendered":"\u201eP\u00f5en k\u00f5ikide oma l\u00e4hedaste p\u00e4rast, kui kellelegi tehakse liiga. Mulle on h\u00e4sti kerge haiget teha. Mingil hetkel on&hellip;\n","protected":false},"author":2,"featured_media":84469,"comment_status":"","ping_status":"","sticky":false,"template":"","format":"standard","meta":{"footnotes":"","_share_on_mastodon":"0"},"categories":[91],"tags":[240,37,33,35,173,34,36,241,26032,140],"class_list":["post-84468","post","type-post","status-publish","format-standard","has-post-thumbnail","category-kuulsused","tag-celebrities","tag-ee","tag-eesti","tag-eesti-keel","tag-entertainment","tag-estonia","tag-estonian","tag-kuulsused","tag-marek-sadam","tag-meelelahutus"],"share_on_mastodon":{"url":"https:\/\/pubeurope.com\/@ee\/115888596090667278","error":""},"_links":{"self":[{"href":"https:\/\/www.europesays.com\/ee\/wp-json\/wp\/v2\/posts\/84468","targetHints":{"allow":["GET"]}}],"collection":[{"href":"https:\/\/www.europesays.com\/ee\/wp-json\/wp\/v2\/posts"}],"about":[{"href":"https:\/\/www.europesays.com\/ee\/wp-json\/wp\/v2\/types\/post"}],"author":[{"embeddable":true,"href":"https:\/\/www.europesays.com\/ee\/wp-json\/wp\/v2\/users\/2"}],"replies":[{"embeddable":true,"href":"https:\/\/www.europesays.com\/ee\/wp-json\/wp\/v2\/comments?post=84468"}],"version-history":[{"count":0,"href":"https:\/\/www.europesays.com\/ee\/wp-json\/wp\/v2\/posts\/84468\/revisions"}],"wp:featuredmedia":[{"embeddable":true,"href":"https:\/\/www.europesays.com\/ee\/wp-json\/wp\/v2\/media\/84469"}],"wp:attachment":[{"href":"https:\/\/www.europesays.com\/ee\/wp-json\/wp\/v2\/media?parent=84468"}],"wp:term":[{"taxonomy":"category","embeddable":true,"href":"https:\/\/www.europesays.com\/ee\/wp-json\/wp\/v2\/categories?post=84468"},{"taxonomy":"post_tag","embeddable":true,"href":"https:\/\/www.europesays.com\/ee\/wp-json\/wp\/v2\/tags?post=84468"}],"curies":[{"name":"wp","href":"https:\/\/api.w.org\/{rel}","templated":true}]}}