{"id":84755,"date":"2026-01-13T22:39:07","date_gmt":"2026-01-13T22:39:07","guid":{"rendered":"https:\/\/www.europesays.com\/ee\/84755\/"},"modified":"2026-01-13T22:39:07","modified_gmt":"2026-01-13T22:39:07","slug":"looduskaitse-alla-on-arvatud-ohtralt-korgepingeliine-asfaltteid-ja-murgitatavaid-polde","status":"publish","type":"post","link":"https:\/\/www.europesays.com\/ee\/84755\/","title":{"rendered":"\u00ablooduskaitse\u00bb alla on arvatud ohtralt k\u00f5rgepingeliine, asfaltteid ja m\u00fcrgitatavaid p\u00f5lde"},"content":{"rendered":"<p>Eestimaast 30 protsendi kaitse alla arvamisest raporteerivad ametnikud on sokutanud \u00ablooduskaitse\u00bb alla enam kui Hiiumaa pindala jagu k\u00f5rgepingeliinide trassikoridore, viljap\u00f5lde, asfaltteedele \u00abv\u00e4\u00e4riselupaiku\u00bb jne. Kliimaministeerium seda probleemiks ei pea.<\/p>\n<p>See t\u00e4hendab aga, et p\u00e4ris loodusv\u00e4\u00e4rtusi, mida p\u00e4riselt kaitstakse, on m\u00e4rkimisv\u00e4\u00e4rselt v\u00e4hem, kui avalikkusele numbrites kuvatakse.<\/p>\n","protected":false},"excerpt":{"rendered":"Eestimaast 30 protsendi kaitse alla arvamisest raporteerivad ametnikud on sokutanud \u00ablooduskaitse\u00bb alla enam kui Hiiumaa pindala jagu k\u00f5rgepingeliinide&hellip;\n","protected":false},"author":2,"featured_media":84756,"comment_status":"","ping_status":"","sticky":false,"template":"","format":"standard","meta":{"footnotes":"","_share_on_mastodon":"0"},"categories":[5],"tags":[15884,26,27,37,33,35,34,36,31,32,21,3081,28,29,15882,15881,19,25,23,24,22,20,30],"class_list":["post-84755","post","type-post","status-publish","format-standard","has-post-thumbnail","category-uldised-uudised","tag-antti-tooming","tag-breaking-news","tag-breakingnews","tag-ee","tag-eesti","tag-eesti-keel","tag-estonia","tag-estonian","tag-featured-news","tag-featurednews","tag-headlines","tag-kliimaministeerium","tag-latest-news","tag-latestnews","tag-looduskaitse","tag-metsaseadus","tag-news","tag-populaarseimad-lood","tag-top-stories","tag-topstories","tag-uldised-uudised","tag-uudised","tag-viimased-uudised"],"share_on_mastodon":{"url":"https:\/\/pubeurope.com\/@ee\/115890196462482071","error":""},"_links":{"self":[{"href":"https:\/\/www.europesays.com\/ee\/wp-json\/wp\/v2\/posts\/84755","targetHints":{"allow":["GET"]}}],"collection":[{"href":"https:\/\/www.europesays.com\/ee\/wp-json\/wp\/v2\/posts"}],"about":[{"href":"https:\/\/www.europesays.com\/ee\/wp-json\/wp\/v2\/types\/post"}],"author":[{"embeddable":true,"href":"https:\/\/www.europesays.com\/ee\/wp-json\/wp\/v2\/users\/2"}],"replies":[{"embeddable":true,"href":"https:\/\/www.europesays.com\/ee\/wp-json\/wp\/v2\/comments?post=84755"}],"version-history":[{"count":0,"href":"https:\/\/www.europesays.com\/ee\/wp-json\/wp\/v2\/posts\/84755\/revisions"}],"wp:featuredmedia":[{"embeddable":true,"href":"https:\/\/www.europesays.com\/ee\/wp-json\/wp\/v2\/media\/84756"}],"wp:attachment":[{"href":"https:\/\/www.europesays.com\/ee\/wp-json\/wp\/v2\/media?parent=84755"}],"wp:term":[{"taxonomy":"category","embeddable":true,"href":"https:\/\/www.europesays.com\/ee\/wp-json\/wp\/v2\/categories?post=84755"},{"taxonomy":"post_tag","embeddable":true,"href":"https:\/\/www.europesays.com\/ee\/wp-json\/wp\/v2\/tags?post=84755"}],"curies":[{"name":"wp","href":"https:\/\/api.w.org\/{rel}","templated":true}]}}