{"id":84790,"date":"2026-01-14T00:13:09","date_gmt":"2026-01-14T00:13:09","guid":{"rendered":"https:\/\/www.europesays.com\/ee\/84790\/"},"modified":"2026-01-14T00:13:09","modified_gmt":"2026-01-14T00:13:09","slug":"kontorikoomiksi-dilbert-looja-suri-raskesse-haigusse","status":"publish","type":"post","link":"https:\/\/www.europesays.com\/ee\/84790\/","title":{"rendered":"Kontorikoomiksi \u00abDilbert\u00bb looja suri raskesse haigusse"},"content":{"rendered":"<p>Koomiksisarja \u00abDilbert\u00bb looja Scott Adams suri 68-aastaselt eesn\u00e4\u00e4rmev\u00e4hki. Ta viibis elul\u00f5puravil oma kodus p\u00e4rast seda, kui haigus, millest ta esimest korda teatas 2025. aasta mais, oli levinud tema luudesse.<\/p>\n<p>Scott Adamsi endine abikaasa Shelly Miles teatas Adamsi surmast teisip\u00e4eval tema taskuh\u00e4\u00e4lingu \u00abReal Coffee with Scott Adams\u00bb otse\u00fclekandes.<\/p>\n","protected":false},"excerpt":{"rendered":"Koomiksisarja \u00abDilbert\u00bb looja Scott Adams suri 68-aastaselt eesn\u00e4\u00e4rmev\u00e4hki. Ta viibis elul\u00f5puravil oma kodus p\u00e4rast seda, kui haigus, millest&hellip;\n","protected":false},"author":2,"featured_media":84791,"comment_status":"","ping_status":"","sticky":false,"template":"","format":"standard","meta":{"footnotes":"","_share_on_mastodon":"0"},"categories":[16],"tags":[42052,42054,42055,324,37,33,35,173,34,36,140,42053,41984,22039],"class_list":["post-84790","post","type-post","status-publish","format-standard","has-post-thumbnail","category-meelelahutus","tag-california-ulikool","tag-covid-vaktsiin","tag-dilbert-reborn","tag-donald-trump","tag-ee","tag-eesti","tag-eesti-keel","tag-entertainment","tag-estonia","tag-estonian","tag-meelelahutus","tag-reubeni-auhind","tag-scott-adams","tag-telesari"],"share_on_mastodon":{"url":"https:\/\/pubeurope.com\/@ee\/115890566131631564","error":""},"_links":{"self":[{"href":"https:\/\/www.europesays.com\/ee\/wp-json\/wp\/v2\/posts\/84790","targetHints":{"allow":["GET"]}}],"collection":[{"href":"https:\/\/www.europesays.com\/ee\/wp-json\/wp\/v2\/posts"}],"about":[{"href":"https:\/\/www.europesays.com\/ee\/wp-json\/wp\/v2\/types\/post"}],"author":[{"embeddable":true,"href":"https:\/\/www.europesays.com\/ee\/wp-json\/wp\/v2\/users\/2"}],"replies":[{"embeddable":true,"href":"https:\/\/www.europesays.com\/ee\/wp-json\/wp\/v2\/comments?post=84790"}],"version-history":[{"count":0,"href":"https:\/\/www.europesays.com\/ee\/wp-json\/wp\/v2\/posts\/84790\/revisions"}],"wp:featuredmedia":[{"embeddable":true,"href":"https:\/\/www.europesays.com\/ee\/wp-json\/wp\/v2\/media\/84791"}],"wp:attachment":[{"href":"https:\/\/www.europesays.com\/ee\/wp-json\/wp\/v2\/media?parent=84790"}],"wp:term":[{"taxonomy":"category","embeddable":true,"href":"https:\/\/www.europesays.com\/ee\/wp-json\/wp\/v2\/categories?post=84790"},{"taxonomy":"post_tag","embeddable":true,"href":"https:\/\/www.europesays.com\/ee\/wp-json\/wp\/v2\/tags?post=84790"}],"curies":[{"name":"wp","href":"https:\/\/api.w.org\/{rel}","templated":true}]}}