{"id":84792,"date":"2026-01-14T00:16:10","date_gmt":"2026-01-14T00:16:10","guid":{"rendered":"https:\/\/www.europesays.com\/ee\/84792\/"},"modified":"2026-01-14T00:16:10","modified_gmt":"2026-01-14T00:16:10","slug":"mullu-hukkus-ukrainas-vene-runnakutes-ule-2500-tsiviilisiku","status":"publish","type":"post","link":"https:\/\/www.europesays.com\/ee\/84792\/","title":{"rendered":"mullu hukkus Ukrainas Vene r\u00fcnnakutes \u00fcle 2500 tsiviilisiku"},"content":{"rendered":"<p>Ukrainas hukkus eelmisel aastal Venemaa r\u00fcnnakutes \u00fcle 2500 tsiviilisiku, mis on k\u00f5rgeim ohvrite arv alates 2022. aastast, mil Moskva alustas t\u00e4iemahulist s\u00f5da, teatas \u00dcRO inim\u00f5iguste seiremissioon Ukrainas (HRMMU), edastas eile v\u00e4ljaanne Kyiv Independent.<\/p>\n<p>HRMMU kinnitatud andmetel sai eelmisel aastal Ukrainas surma 2514 ja haavata 12 142 tsiviilisikut. Hukkunute arv on 31 protsenti k\u00f5rgem kui 2024. aastal ja 70 protsenti k\u00f5rgem kui 2023. aastal.<\/p>\n","protected":false},"excerpt":{"rendered":"Ukrainas hukkus eelmisel aastal Venemaa r\u00fcnnakutes \u00fcle 2500 tsiviilisiku, mis on k\u00f5rgeim ohvrite arv alates 2022. aastast, mil&hellip;\n","protected":false},"author":2,"featured_media":84793,"comment_status":"","ping_status":"","sticky":false,"template":"","format":"standard","meta":{"footnotes":"","_share_on_mastodon":"0"},"categories":[80],"tags":[26,27,42058,1274,37,33,35,34,36,31,32,21,42056,28,29,95,19,25,42057,22819,23,24,262,22,20,96,30,92,93,94],"class_list":["post-84792","post","type-post","status-publish","format-standard","has-post-thumbnail","category-maailm","tag-breaking-news","tag-breakingnews","tag-danielle-bell","tag-droonid","tag-ee","tag-eesti","tag-eesti-keel","tag-estonia","tag-estonian","tag-featured-news","tag-featurednews","tag-headlines","tag-hrmmu","tag-latest-news","tag-latestnews","tag-maailm","tag-news","tag-populaarseimad-lood","tag-raketirunnakud","tag-ternopil","tag-top-stories","tag-topstories","tag-ukraina","tag-uldised-uudised","tag-uudised","tag-venemaa","tag-viimased-uudised","tag-world","tag-world-news","tag-worldnews"],"share_on_mastodon":{"url":"https:\/\/pubeurope.com\/@ee\/115890577893743202","error":""},"_links":{"self":[{"href":"https:\/\/www.europesays.com\/ee\/wp-json\/wp\/v2\/posts\/84792","targetHints":{"allow":["GET"]}}],"collection":[{"href":"https:\/\/www.europesays.com\/ee\/wp-json\/wp\/v2\/posts"}],"about":[{"href":"https:\/\/www.europesays.com\/ee\/wp-json\/wp\/v2\/types\/post"}],"author":[{"embeddable":true,"href":"https:\/\/www.europesays.com\/ee\/wp-json\/wp\/v2\/users\/2"}],"replies":[{"embeddable":true,"href":"https:\/\/www.europesays.com\/ee\/wp-json\/wp\/v2\/comments?post=84792"}],"version-history":[{"count":0,"href":"https:\/\/www.europesays.com\/ee\/wp-json\/wp\/v2\/posts\/84792\/revisions"}],"wp:featuredmedia":[{"embeddable":true,"href":"https:\/\/www.europesays.com\/ee\/wp-json\/wp\/v2\/media\/84793"}],"wp:attachment":[{"href":"https:\/\/www.europesays.com\/ee\/wp-json\/wp\/v2\/media?parent=84792"}],"wp:term":[{"taxonomy":"category","embeddable":true,"href":"https:\/\/www.europesays.com\/ee\/wp-json\/wp\/v2\/categories?post=84792"},{"taxonomy":"post_tag","embeddable":true,"href":"https:\/\/www.europesays.com\/ee\/wp-json\/wp\/v2\/tags?post=84792"}],"curies":[{"name":"wp","href":"https:\/\/api.w.org\/{rel}","templated":true}]}}