{"id":84809,"date":"2026-01-14T03:05:07","date_gmt":"2026-01-14T03:05:07","guid":{"rendered":"https:\/\/www.europesays.com\/ee\/84809\/"},"modified":"2026-01-14T03:05:07","modified_gmt":"2026-01-14T03:05:07","slug":"ulevaade-%e2%9f%a9-tehnomiljardaridest-trumpi-toetajatel-on-groonimaaga-suured-plaanid-maailm-postimees-ee","status":"publish","type":"post","link":"https:\/\/www.europesays.com\/ee\/84809\/","title":{"rendered":"\u00dcLEVAADE \u27e9 Tehnomiljard\u00e4ridest Trumpi toetajatel on Gr\u00f6\u00f6nimaaga suured plaanid &#8211; Maailm &#8211; Postimees.ee"},"content":{"rendered":"<ol>\n<li><a href=\"https:\/\/news.google.com\/rss\/articles\/CBMisgFBVV95cUxOY05FMjdDOGh6X2FvNmVOdVNtOXgwRGk0UGlKV3BPYkpmMmJmMThOdUlVQmJDZzJsQXJxcHFyVWdlMk5tTEw0Tm1ld192d3daQUEtR1FrRG1oWVJaWDNWME5reS02WXVXTDNmSXB3Rk5nd0pQWjZHMVROWGM1TGQzTW1XVVhzM3NEdDNDQWpNZWFvRDNFODNfTkxVNlFWWmhTeDNyeWUzczhVbFlFUVFkdVZ3?oc=5\" target=\"_blank\" rel=\"nofollow noopener\">\u00dcLEVAADE \u27e9 Tehnomiljard\u00e4ridest Trumpi toetajatel on Gr\u00f6\u00f6nimaaga suured plaanid<\/a>&nbsp;&nbsp;Maailm &#8211; Postimees.ee<\/li>\n<li><a href=\"https:\/\/news.google.com\/rss\/articles\/CBMif0FVX3lxTE1TNm82SE5UUEdoZWhkejRtODJxUWFqbFZOVnNGMVdqZEZjd2NweDVWdVZHTUlyai1ZS19QaC1XWGxkSjlZaU96QjdnbDVLNER0UUg4cHhFRm4wTjhsV196Q01WMGJTeWcxekNxNFJGS1ZBUzA2TG95MFZqT0JUNVE?oc=5\" target=\"_blank\" rel=\"nofollow noopener\">Gr\u00f6\u00f6nimaa peaminister: valime Taani, mitte USA<\/a>&nbsp;&nbsp;ERR<\/li>\n<li><a href=\"https:\/\/news.google.com\/rss\/articles\/CBMiyAFBVV95cUxQVlFUeGFoMG1SbTk3Yjg5S0F5eU1QZjRCS1c0TXY0aUpOU3VyYnptNnlwOEkwaml3SGh4d2htb25pNnBCcjk0Tk83RkdEUXNPcFZrWkw0REgxdWRVNGdHYks2QnR3eEd2TXFIM0dDeWp4bjFVeG5ldjBvRDMtUmNkbXBGaE50SmttN2U2anREbmFKZGZkZ083Tkx2cGpBM0N0UWFpVWxULUtUMDQwaE5ZMURpamo4b24tLXpMemhSRnM3R1JyVExDcw?oc=5\" target=\"_blank\" rel=\"nofollow noopener\">Taanis elav eestlanna Trumpist ja Gr\u00f6\u00f6nimaast: see on kriis, inimesed vaatavad varusid \u00fcle<\/a>&nbsp;&nbsp;\u00c4rip\u00e4ev<\/li>\n<li><a href=\"https:\/\/news.google.com\/rss\/articles\/CBMiowFBVV95cUxOcUlaUlBpMTcwNzk3VTJPb2J5cWNxMlZvZ0FGNDlJQ0VaOEdoSWVfR01RMkUxbzc2anAzQ2szdmdYd2hWVkZLNmlMR29TWnNsTDI3QUtWckdIcXNNWGJ5dWplN0hWVURVSmNQVGZXdmI5NWdMM1RWU3Y4SVpDVVpKMDJUMUkzcHV2SGZsa2pHaTVlLVF1YXRCOTFCTHFNbExmT2dJ?oc=5\" target=\"_blank\" rel=\"nofollow noopener\">NATO v\u00f5ib Trumpi julgeolekumurede leevendamiseks v\u00e4ed Gr\u00f6\u00f6nimaale saata<\/a>&nbsp;&nbsp;ERR<\/li>\n<li><a href=\"https:\/\/news.google.com\/rss\/articles\/CBMimAFBVV95cUxQdk11RTFqZmxETl9QM29zM2VtS2Y1UWE5bFRXTEpXQTR4ZWwzWHYxbmpISTZtdzVnS2M2MmZIUkxMZnpuM3hLVUhWZ0tUNFB5Z0ZmOXN3WHhuN1ZGTlBwU2FIUV94bmNtUE12aHpZcENuR2VQdm1JdHJhMG1jQnN6YmtKV2Y5bnQ4SVhMSEZhbVo5VU1RTHdaSg?oc=5\" target=\"_blank\" rel=\"nofollow noopener\">Tuntud miljard\u00e4rid panustasid Gr\u00f6\u00f6nimaale juba varakult<\/a>&nbsp;&nbsp;Majandus<\/li>\n<\/ol>\n","protected":false},"excerpt":{"rendered":"\u00dcLEVAADE \u27e9 Tehnomiljard\u00e4ridest Trumpi toetajatel on Gr\u00f6\u00f6nimaaga suured plaanid&nbsp;&nbsp;Maailm &#8211; Postimees.ee Gr\u00f6\u00f6nimaa peaminister: valime Taani, mitte USA&nbsp;&nbsp;ERR Taanis&hellip;\n","protected":false},"author":2,"featured_media":84810,"comment_status":"","ping_status":"","sticky":false,"template":"","format":"standard","meta":{"footnotes":"","_share_on_mastodon":"0"},"categories":[5],"tags":[587,26,27,324,37,33,35,846,34,36,31,32,2409,21,28,29,19,26044,25,23,24,22,20,30],"class_list":["post-84809","post","type-post","status-publish","format-standard","has-post-thumbnail","category-uldised-uudised","tag-ameerika-uhendriigid","tag-breaking-news","tag-breakingnews","tag-donald-trump","tag-ee","tag-eesti","tag-eesti-keel","tag-elon-musk","tag-estonia","tag-estonian","tag-featured-news","tag-featurednews","tag-groonimaa","tag-headlines","tag-latest-news","tag-latestnews","tag-news","tag-peter-thiel","tag-populaarseimad-lood","tag-top-stories","tag-topstories","tag-uldised-uudised","tag-uudised","tag-viimased-uudised"],"share_on_mastodon":{"url":"https:\/\/pubeurope.com\/@ee\/115891242418330758","error":""},"_links":{"self":[{"href":"https:\/\/www.europesays.com\/ee\/wp-json\/wp\/v2\/posts\/84809","targetHints":{"allow":["GET"]}}],"collection":[{"href":"https:\/\/www.europesays.com\/ee\/wp-json\/wp\/v2\/posts"}],"about":[{"href":"https:\/\/www.europesays.com\/ee\/wp-json\/wp\/v2\/types\/post"}],"author":[{"embeddable":true,"href":"https:\/\/www.europesays.com\/ee\/wp-json\/wp\/v2\/users\/2"}],"replies":[{"embeddable":true,"href":"https:\/\/www.europesays.com\/ee\/wp-json\/wp\/v2\/comments?post=84809"}],"version-history":[{"count":0,"href":"https:\/\/www.europesays.com\/ee\/wp-json\/wp\/v2\/posts\/84809\/revisions"}],"wp:featuredmedia":[{"embeddable":true,"href":"https:\/\/www.europesays.com\/ee\/wp-json\/wp\/v2\/media\/84810"}],"wp:attachment":[{"href":"https:\/\/www.europesays.com\/ee\/wp-json\/wp\/v2\/media?parent=84809"}],"wp:term":[{"taxonomy":"category","embeddable":true,"href":"https:\/\/www.europesays.com\/ee\/wp-json\/wp\/v2\/categories?post=84809"},{"taxonomy":"post_tag","embeddable":true,"href":"https:\/\/www.europesays.com\/ee\/wp-json\/wp\/v2\/tags?post=84809"}],"curies":[{"name":"wp","href":"https:\/\/api.w.org\/{rel}","templated":true}]}}