{"id":84875,"date":"2026-01-14T06:27:08","date_gmt":"2026-01-14T06:27:08","guid":{"rendered":"https:\/\/www.europesays.com\/ee\/84875\/"},"modified":"2026-01-14T06:27:08","modified_gmt":"2026-01-14T06:27:08","slug":"viljandimaa-aastane-sundide-hulk-kahanes-taas-nagu-kogu-eestis-sakala","status":"publish","type":"post","link":"https:\/\/www.europesays.com\/ee\/84875\/","title":{"rendered":"Viljandimaa aastane s\u00fcndide hulk kahanes taas nagu kogu Eestis &#8211; Sakala"},"content":{"rendered":"<ol>\n<li><a href=\"https:\/\/news.google.com\/rss\/articles\/CBMinwFBVV95cUxNR3JIclRfdU00UWJ2VXpfWWVPdllMUDkzeFRKZmJmUkZHZlNDdEtDSDk1VmlVVTZDUzhzZGlySDlMZUVBVUJhUlJkQlNrcW9tMWtSNGtGSkFZQnlvdGczbVlLU3BpQnFTa2FiUVdQUU4tZUpKMlkxdVFxZWR1QXQwUnpLcnpxNUEzZHlmOVhoRDJYMzFHbWxRTjEySFVIUEk?oc=5\" target=\"_blank\" rel=\"nofollow noopener\">Viljandimaa aastane s\u00fcndide hulk kahanes taas nagu kogu Eestis<\/a>&nbsp;&nbsp;Sakala<\/li>\n<li><a href=\"https:\/\/news.google.com\/rss\/articles\/CBMiZkFVX3lxTE1LdVVWR2dzVTVScHozb1F3YTJSXzNCRmxRb1dIcHNISVBIVEx2RGlPUk1YdWxPLXBLakZfMG5LSFBEMnJiS3pfSVhNOXJ3TlZIb0tqTjFmOS1HWjN4UUlUT2hjOFlnZw?oc=5\" target=\"_blank\" rel=\"nofollow noopener\">REPLIIK \u27e9 V\u00f5lutud maa<\/a>&nbsp;&nbsp;Sakala<\/li>\n<li><a href=\"https:\/\/news.google.com\/rss\/articles\/CBMifEFVX3lxTE5NWjJzUnlfVFFLbjh4ZzJFcllqUGNjT2t2S2FHeGRQZ0VzcG1SZlZXZ0ctZ1VTQnQtbHlkTnZVWWdZZkxRSzJoTmU1SVpKU1BreUJZamQxcXBtV1RtTjlKa054Z1VpV250bXQyRkhJZG9tRWpUdzljZi02LWw?oc=5\" target=\"_blank\" rel=\"nofollow noopener\">JUHTKIRI \u27e9 V\u00e4sinud ja vihased inimesed<\/a>&nbsp;&nbsp;Sakala<\/li>\n<li><a href=\"https:\/\/news.google.com\/rss\/articles\/CBMisAFBVV95cUxQUWdMVWZuS21tNHNpdXlBWFlRN0xCVDFjUktvN0dWRWt3WFEybGlkOE5KTkZPT0NMalMtNFRPZW1ScUxLNmE4b3ZpSzZmN2hfcDF2b2toMFR2WjRnTUFDRUUzTnJzelJPQlpLVnRnRE9USkJ4d2dQQ3o5Z25NbzFqOGJuQTdTelRSQlpBaEh3V0pPQk91MVBlWURnbjI3dlFseGVyVmZDRjNabU1PSGJ1Nw?oc=5\" target=\"_blank\" rel=\"nofollow noopener\">J\u00dcRGEN LIGI \u27e9 Sinikollane oma lipu k\u00f5rval on Euroopas vabaduse toetamise m\u00e4rk<\/a>&nbsp;&nbsp;Sakala<\/li>\n<li><a href=\"https:\/\/news.google.com\/rss\/articles\/CBMiywFBVV95cUxQaTNkVDQyclRMazVEc3puY1o0TWItVnVtdTJ1RFB6eXNrRWdGdjM3QlpodDhTaVNjbXJjQmI1M1VHTmRicnRkMjlCT083aFd3V1RSQmNxbnhia3UyOUlTYXd5NXRzNnl2MG9ETUswT3d2UHlRdHJDdlhnTi1MMlR5WEhmQlRidmJDd29BSWhKR1ZRZGFKZWhlTDNMNVFHSmkwVmFJN0R1U1pFMmVsNmFzNTJIdF8xVGpUOGRuVUdmRWxvdXRndTZqUkR5NA?oc=5\" target=\"_blank\" rel=\"nofollow noopener\">T\u00c4NAVAK\u00dcSITLUS Kas kiidate heaks linnavalitsuse otsuse Ukraina lipud raekoja seinalt maha v\u00f5tta?<\/a>&nbsp;&nbsp;Sakala<\/li>\n<\/ol>\n","protected":false},"excerpt":{"rendered":"Viljandimaa aastane s\u00fcndide hulk kahanes taas nagu kogu Eestis&nbsp;&nbsp;Sakala REPLIIK \u27e9 V\u00f5lutud maa&nbsp;&nbsp;Sakala JUHTKIRI \u27e9 V\u00e4sinud ja vihased&hellip;\n","protected":false},"author":2,"featured_media":84876,"comment_status":"","ping_status":"","sticky":false,"template":"","format":"standard","meta":{"footnotes":"","_share_on_mastodon":"0"},"categories":[5],"tags":[26,27,3298,37,33,35,34,36,31,32,21,28,29,19,25,1321,2238,23,24,22,20,30],"class_list":["post-84875","post","type-post","status-publish","format-standard","has-post-thumbnail","category-uldised-uudised","tag-breaking-news","tag-breakingnews","tag-demograafia","tag-ee","tag-eesti","tag-eesti-keel","tag-estonia","tag-estonian","tag-featured-news","tag-featurednews","tag-headlines","tag-latest-news","tag-latestnews","tag-news","tag-populaarseimad-lood","tag-rahvastik","tag-sunnid","tag-top-stories","tag-topstories","tag-uldised-uudised","tag-uudised","tag-viimased-uudised"],"share_on_mastodon":{"url":"https:\/\/pubeurope.com\/@ee\/115892036745819294","error":""},"_links":{"self":[{"href":"https:\/\/www.europesays.com\/ee\/wp-json\/wp\/v2\/posts\/84875","targetHints":{"allow":["GET"]}}],"collection":[{"href":"https:\/\/www.europesays.com\/ee\/wp-json\/wp\/v2\/posts"}],"about":[{"href":"https:\/\/www.europesays.com\/ee\/wp-json\/wp\/v2\/types\/post"}],"author":[{"embeddable":true,"href":"https:\/\/www.europesays.com\/ee\/wp-json\/wp\/v2\/users\/2"}],"replies":[{"embeddable":true,"href":"https:\/\/www.europesays.com\/ee\/wp-json\/wp\/v2\/comments?post=84875"}],"version-history":[{"count":0,"href":"https:\/\/www.europesays.com\/ee\/wp-json\/wp\/v2\/posts\/84875\/revisions"}],"wp:featuredmedia":[{"embeddable":true,"href":"https:\/\/www.europesays.com\/ee\/wp-json\/wp\/v2\/media\/84876"}],"wp:attachment":[{"href":"https:\/\/www.europesays.com\/ee\/wp-json\/wp\/v2\/media?parent=84875"}],"wp:term":[{"taxonomy":"category","embeddable":true,"href":"https:\/\/www.europesays.com\/ee\/wp-json\/wp\/v2\/categories?post=84875"},{"taxonomy":"post_tag","embeddable":true,"href":"https:\/\/www.europesays.com\/ee\/wp-json\/wp\/v2\/tags?post=84875"}],"curies":[{"name":"wp","href":"https:\/\/api.w.org\/{rel}","templated":true}]}}