{"id":84972,"date":"2026-01-14T08:27:11","date_gmt":"2026-01-14T08:27:11","guid":{"rendered":"https:\/\/www.europesays.com\/ee\/84972\/"},"modified":"2026-01-14T08:27:11","modified_gmt":"2026-01-14T08:27:11","slug":"ukraina-korruptsioonitorje-suudistab-vaidetavalt-julia-tomosenkot-ulemraadas-haalte-ostmises","status":"publish","type":"post","link":"https:\/\/www.europesays.com\/ee\/84972\/","title":{"rendered":"Ukraina korruptsioonit\u00f5rje s\u00fc\u00fcdistab v\u00e4idetavalt Julia T\u00f5mo\u0161enkot \u00fclemraadas h\u00e4\u00e4lte ostmises"},"content":{"rendered":"<p>UP allikate s\u00f5nul j\u00e4tkuvad l\u00e4biotsimised T\u00f5mo\u0161enko erakonna Batkiv\u0161t\u0161\u00f5na kontoris <a rel=\"noopener nofollow\" target=\"_blank\" href=\"https:\/\/www.delfi.ee\/teema\/29718775\/kiiev\" tag-id=\"29718775\">Kiievis<\/a>.<\/p>\n<p>NABU ja SAP teatasid, et \u00fclemraada \u00fche fraktsiooni juht pakkus mitmetele teiste fraktsioonide liikmetele \u00f5igusvastast tulu teatud seaduseeln\u00f5ude poolt v\u00f5i vastu h\u00e4\u00e4letamise eest.<\/p>\n<p>Ametkonnad lubasid \u00fcksikasjad hiljem avaldada.<\/p>\n<p>UP m\u00e4rgib, et T\u00f5mo\u0161enko fraktsioon h\u00e4\u00e4letas 2025. aasta juulis t\u00e4ies koosseisus NABU ja SAP-i vabaduse kaotamise seaduseeln\u00f5u poolt.<\/p>\n<p>31. juulil oli T\u00f5mo\u0161enko \u00fcks v\u00e4hestest \u00fclemraada liikmetest, kes ei h\u00e4\u00e4letanud korruptsioonivastaste organite volituste taastamise poolt.<\/p>\n<p>Kuidas see lugu Sind end tundma pani? Saada <a href=\"https:\/\/www.delfi.ee\/artikkel\/120429309\/ukraina-korruptsioonitorje-suudistab-vaidetavalt-julia-tomosenkot-ulemraadas-haalte-ostmises\/kommentaarid\" class=\"article-body-bottom__comment article-body-bottom__comment--write button button--primary button--size-auto\" rel=\"nofollow noopener\" target=\"_blank\"> Kommenteeri <\/a><a href=\"https:\/\/www.delfi.ee\/artikkel\/120429309\/ukraina-korruptsioonitorje-suudistab-vaidetavalt-julia-tomosenkot-ulemraadas-haalte-ostmises\/kommentaarid\" class=\"article-body-bottom__comment article-body-bottom__comment--read button button--size-auto\" rel=\"nofollow noopener\" target=\"_blank\"> Loe kommentaare (10)<\/a><\/p>\n","protected":false},"excerpt":{"rendered":"UP allikate s\u00f5nul j\u00e4tkuvad l\u00e4biotsimised T\u00f5mo\u0161enko erakonna Batkiv\u0161t\u0161\u00f5na kontoris Kiievis. NABU ja SAP teatasid, et \u00fclemraada \u00fche fraktsiooni&hellip;\n","protected":false},"author":2,"featured_media":84973,"comment_status":"","ping_status":"","sticky":false,"template":"","format":"standard","meta":{"footnotes":"","_share_on_mastodon":"0"},"categories":[80],"tags":[26,27,37,33,35,34,36,31,32,21,25826,1208,28,29,95,20082,19,25,20083,23,24,262,22,20,30,92,93,94],"class_list":["post-84972","post","type-post","status-publish","format-standard","has-post-thumbnail","category-maailm","tag-breaking-news","tag-breakingnews","tag-ee","tag-eesti","tag-eesti-keel","tag-estonia","tag-estonian","tag-featured-news","tag-featurednews","tag-headlines","tag-julia-tomosenko","tag-kiiev","tag-latest-news","tag-latestnews","tag-maailm","tag-nabu","tag-news","tag-populaarseimad-lood","tag-sap","tag-top-stories","tag-topstories","tag-ukraina","tag-uldised-uudised","tag-uudised","tag-viimased-uudised","tag-world","tag-world-news","tag-worldnews"],"share_on_mastodon":{"url":"https:\/\/pubeurope.com\/@ee\/115892508734975020","error":""},"_links":{"self":[{"href":"https:\/\/www.europesays.com\/ee\/wp-json\/wp\/v2\/posts\/84972","targetHints":{"allow":["GET"]}}],"collection":[{"href":"https:\/\/www.europesays.com\/ee\/wp-json\/wp\/v2\/posts"}],"about":[{"href":"https:\/\/www.europesays.com\/ee\/wp-json\/wp\/v2\/types\/post"}],"author":[{"embeddable":true,"href":"https:\/\/www.europesays.com\/ee\/wp-json\/wp\/v2\/users\/2"}],"replies":[{"embeddable":true,"href":"https:\/\/www.europesays.com\/ee\/wp-json\/wp\/v2\/comments?post=84972"}],"version-history":[{"count":0,"href":"https:\/\/www.europesays.com\/ee\/wp-json\/wp\/v2\/posts\/84972\/revisions"}],"wp:featuredmedia":[{"embeddable":true,"href":"https:\/\/www.europesays.com\/ee\/wp-json\/wp\/v2\/media\/84973"}],"wp:attachment":[{"href":"https:\/\/www.europesays.com\/ee\/wp-json\/wp\/v2\/media?parent=84972"}],"wp:term":[{"taxonomy":"category","embeddable":true,"href":"https:\/\/www.europesays.com\/ee\/wp-json\/wp\/v2\/categories?post=84972"},{"taxonomy":"post_tag","embeddable":true,"href":"https:\/\/www.europesays.com\/ee\/wp-json\/wp\/v2\/tags?post=84972"}],"curies":[{"name":"wp","href":"https:\/\/api.w.org\/{rel}","templated":true}]}}